{"id":3810,"date":"2026-03-11T10:20:47","date_gmt":"2026-03-11T09:20:47","guid":{"rendered":"https:\/\/www.realschule-altenwalde.de\/wordpress\/?p=3810"},"modified":"2026-03-11T10:33:20","modified_gmt":"2026-03-11T09:33:20","slug":"elternabend-fuer-zukuenftige-5-klaessler-am-13-4-20-4-2026-um-18-uhr","status":"publish","type":"post","link":"https:\/\/www.realschule-altenwalde.de\/wordpress\/2026\/03\/11\/elternabend-fuer-zukuenftige-5-klaessler-am-13-4-20-4-2026-um-18-uhr\/","title":{"rendered":"Elternabend f\u00fcr zuk\u00fcnftige 5. Kl\u00e4ssler am 13.4.2026 \/ 20.4.2026 um 18 Uhr"},"content":{"rendered":"<p>Liebe Eltern zuk\u00fcnftiger 5. Kl\u00e4ssler,<\/p>\n<p>in dieser Woche (9.3.-13.3.2026) nehmen Ihre Kinder mit Freude an den Schnuppertagen unserer Schule teil \ud83d\ude0a<\/p>\n<p>Ziel soll es sein, die noch fremde weiterf\u00fchrende Schule kennenzulernen und \u00c4ngste vor dem Schulwechsel zu minimieren.&nbsp; Ich habe Ihren Kindern u.a. mitgeteilt, dass ich es sch\u00f6n finde, dass die Kinder die Wahl ihrer zuk\u00fcnftigen Schule mitbestimmen d\u00fcrfen- die Entscheidung und Verantwortung tragen allerdings die Eltern, da Sie den Gesamt\u00fcberblick und die notwendige Weitsicht haben \ud83d\udc4d<\/p>\n<p>Um Ihnen neben den Beratungsgespr\u00e4chen an den Grundschulen eine konkrete auf unsere Schule zugeschnittene&nbsp; Beratung anbieten zu k\u00f6nnen, lade ich Sie hiermit zur Teilnahme an einem Elterninformationsabend in unsere Schule ein.<\/p>\n<p>Sie haben die Wahl, ob Sie am <strong>13.4.2026 oder am 20.4.2026 um 18.00 Uhr<\/strong> am Elternabend in unserer Schule teilnehmen.&nbsp; Inhaltlich sind beide Elternabende nat\u00fcrlich gleich- eine Anmeldung ist NICHT notwendig.<br \/>\nWir werden darum bem\u00fcht sein, Ihnen unsere Geschwister- Scholl Schule (Realschule) pers\u00f6nlich, informativ und auf die Bed\u00fcrfnisse Ihren Kinder zugeschnitten vorstellen \ud83d\ude09<\/p>\n<p>Vielen Dank f\u00fcr Ihr Interesse im Sinne Ihrer Kinder!<\/p>\n<p>Herzliche Gr\u00fc\u00dfe<\/p>\n<p>Arne Ohland &#8211; Schumacher<br \/>\n(Realschulrektor)<\/p>\n","protected":false},"excerpt":{"rendered":"<p>Liebe Eltern zuk\u00fcnftiger 5. Kl\u00e4ssler, in dieser Woche (9.3.-13.3.2026) nehmen Ihre Kinder mit Freude an den Schnuppertagen unserer Schule teil \ud83d\ude0a Ziel soll es sein, die noch fremde weiterf\u00fchrende Schule kennenzulernen und \u00c4ngste vor dem Schulwechsel zu minimieren.&nbsp; Ich habe Ihren Kindern u.a. mitgeteilt, dass ich es sch\u00f6n finde, dass die Kinder die Wahl ihrer &hellip; <\/p>\n<p><a class=\"more-link btn\" href=\"https:\/\/www.realschule-altenwalde.de\/wordpress\/2026\/03\/11\/elternabend-fuer-zukuenftige-5-klaessler-am-13-4-20-4-2026-um-18-uhr\/\">Weiterlesen<\/a><\/p>\n","protected":false},"author":2,"featured_media":0,"comment_status":"closed","ping_status":"closed","sticky":true,"template":"","format":"standard","meta":{"ngg_post_thumbnail":0},"categories":[1],"tags":[],"_links":{"self":[{"href":"https:\/\/www.realschule-altenwalde.de\/wordpress\/wp-json\/wp\/v2\/posts\/3810"}],"collection":[{"href":"https:\/\/www.realschule-altenwalde.de\/wordpress\/wp-json\/wp\/v2\/posts"}],"about":[{"href":"https:\/\/www.realschule-altenwalde.de\/wordpress\/wp-json\/wp\/v2\/types\/post"}],"author":[{"embeddable":true,"href":"https:\/\/www.realschule-altenwalde.de\/wordpress\/wp-json\/wp\/v2\/users\/2"}],"replies":[{"embeddable":true,"href":"https:\/\/www.realschule-altenwalde.de\/wordpress\/wp-json\/wp\/v2\/comments?post=3810"}],"version-history":[{"count":4,"href":"https:\/\/www.realschule-altenwalde.de\/wordpress\/wp-json\/wp\/v2\/posts\/3810\/revisions"}],"predecessor-version":[{"id":3814,"href":"https:\/\/www.realschule-altenwalde.de\/wordpress\/wp-json\/wp\/v2\/posts\/3810\/revisions\/3814"}],"wp:attachment":[{"href":"https:\/\/www.realschule-altenwalde.de\/wordpress\/wp-json\/wp\/v2\/media?parent=3810"}],"wp:term":[{"taxonomy":"category","embeddable":true,"href":"https:\/\/www.realschule-altenwalde.de\/wordpress\/wp-json\/wp\/v2\/categories?post=3810"},{"taxonomy":"post_tag","embeddable":true,"href":"https:\/\/www.realschule-altenwalde.de\/wordpress\/wp-json\/wp\/v2\/tags?post=3810"}],"curies":[{"name":"wp","href":"https:\/\/api.w.org\/{rel}","templated":true}]}}