{"id":3799,"date":"2026-03-09T09:00:40","date_gmt":"2026-03-09T08:00:40","guid":{"rendered":"https:\/\/www.realschule-altenwalde.de\/wordpress\/?p=3799"},"modified":"2026-03-09T09:00:40","modified_gmt":"2026-03-09T08:00:40","slug":"tag-der-sauberen-stadt-14-03-26","status":"publish","type":"post","link":"https:\/\/www.realschule-altenwalde.de\/wordpress\/2026\/03\/09\/tag-der-sauberen-stadt-14-03-26\/","title":{"rendered":"Tag der sauberen Stadt \u2013 14.03.26"},"content":{"rendered":"<p>Liebe Scholli-News Leser\/-in,<\/p>\n<p>am Samstag den 14.03 ist wieder \u201eTag der sauberen Stadt\u201c.<br \/>\nAn diesem Tag sind mehrere Vereine und Organisationen unterwegs und sammeln an den Stra\u00dfen M\u00fcll f\u00fcr die Umwelt.<\/p>\n<p>Wundert euch also bitte nicht, wenn ihr Personen am Stra\u00dfenrand oder Gehweg mit Warnweste und M\u00fcllbeutel seht die aufr\u00e4umen.<\/p>\n<p>Vorallem ist die Freiwillige Feuerwehr Altenwalde und \u201eWir f\u00fcr uns in Altenwalde e. V.\u201c dabei.<br \/>\nAlle nehmen sich an diesem Vormittag ihre eigene Freizeit und setzten sich Ehrenamtlich f\u00fcr die Umwelt ein!<\/p>\n<p>Mach doch ebenfalls gerne mit und sammle in deiner Stra\u00dfe mit Handschuh und M\u00fcllbeutel den umherfliegenden M\u00fcll auf.<\/p>\n<p>\u201e<em>Weitere Informationen findet ihr auf der Offiziellen Seite des Veranstalters<\/em>\u201c<br \/>\n(<a href=\"https:\/\/www.cuxhaven.de\/aktuelle-nachrichten\/flaschenpost\/flaschenpost-1\/klar-schiff-in-cuxhaven-tag-der-sauberen-stadt-2026.html\">\u201eTag der sauberen Stadt\u201c 2026<\/a>)<\/p>\n<p>Macht mit!<\/p>\n<p>Eure Scholli-News<\/p>\n","protected":false},"excerpt":{"rendered":"<p>Liebe Scholli-News Leser\/-in, am Samstag den 14.03 ist wieder \u201eTag der sauberen Stadt\u201c. An diesem Tag sind mehrere Vereine und Organisationen unterwegs und sammeln an den Stra\u00dfen M\u00fcll f\u00fcr die Umwelt. Wundert euch also bitte nicht, wenn ihr Personen am Stra\u00dfenrand oder Gehweg mit Warnweste und M\u00fcllbeutel seht die aufr\u00e4umen. Vorallem ist die Freiwillige Feuerwehr &hellip; <\/p>\n<p><a class=\"more-link btn\" href=\"https:\/\/www.realschule-altenwalde.de\/wordpress\/2026\/03\/09\/tag-der-sauberen-stadt-14-03-26\/\">Weiterlesen<\/a><\/p>\n","protected":false},"author":6,"featured_media":0,"comment_status":"closed","ping_status":"closed","sticky":false,"template":"","format":"standard","meta":{"ngg_post_thumbnail":0},"categories":[22],"tags":[],"_links":{"self":[{"href":"https:\/\/www.realschule-altenwalde.de\/wordpress\/wp-json\/wp\/v2\/posts\/3799"}],"collection":[{"href":"https:\/\/www.realschule-altenwalde.de\/wordpress\/wp-json\/wp\/v2\/posts"}],"about":[{"href":"https:\/\/www.realschule-altenwalde.de\/wordpress\/wp-json\/wp\/v2\/types\/post"}],"author":[{"embeddable":true,"href":"https:\/\/www.realschule-altenwalde.de\/wordpress\/wp-json\/wp\/v2\/users\/6"}],"replies":[{"embeddable":true,"href":"https:\/\/www.realschule-altenwalde.de\/wordpress\/wp-json\/wp\/v2\/comments?post=3799"}],"version-history":[{"count":1,"href":"https:\/\/www.realschule-altenwalde.de\/wordpress\/wp-json\/wp\/v2\/posts\/3799\/revisions"}],"predecessor-version":[{"id":3800,"href":"https:\/\/www.realschule-altenwalde.de\/wordpress\/wp-json\/wp\/v2\/posts\/3799\/revisions\/3800"}],"wp:attachment":[{"href":"https:\/\/www.realschule-altenwalde.de\/wordpress\/wp-json\/wp\/v2\/media?parent=3799"}],"wp:term":[{"taxonomy":"category","embeddable":true,"href":"https:\/\/www.realschule-altenwalde.de\/wordpress\/wp-json\/wp\/v2\/categories?post=3799"},{"taxonomy":"post_tag","embeddable":true,"href":"https:\/\/www.realschule-altenwalde.de\/wordpress\/wp-json\/wp\/v2\/tags?post=3799"}],"curies":[{"name":"wp","href":"https:\/\/api.w.org\/{rel}","templated":true}]}}