{"id":3651,"date":"2025-12-03T12:34:27","date_gmt":"2025-12-03T11:34:27","guid":{"rendered":"https:\/\/www.realschule-altenwalde.de\/wordpress\/?p=3651"},"modified":"2025-12-03T12:34:27","modified_gmt":"2025-12-03T11:34:27","slug":"letztes-mal-narben-bleiben","status":"publish","type":"post","link":"https:\/\/www.realschule-altenwalde.de\/wordpress\/2025\/12\/03\/letztes-mal-narben-bleiben\/","title":{"rendered":"Letztes Mal \u201eNarben bleiben\u201c"},"content":{"rendered":"<p>Alles Gute hat ein Ende und das gilt auch f\u00fcr unser Projekt zur Erinnerung an den Holocaust, das nun seit schon fast 20 Jahren zusammen mit dem Verein \u201eNarben bleiben- die Erinnerung lebt weiter\u201c zusammen gemacht wird. Manfred Mittelstedt h\u00f6rt allerdings nach fast 20 Jahren auf was bedeutet, dass dieses Mal das letzte Mal sein wird.<\/p>\n<p><a href=\"https:\/\/www.realschule-altenwalde.de\/wordpress\/wp-content\/uploads\/2025\/12\/Narben-bleiben-Bild-2025-Collage.png\"><img loading=\"lazy\" class=\"size-medium wp-image-3652 aligncenter\" src=\"https:\/\/www.realschule-altenwalde.de\/wordpress\/wp-content\/uploads\/2025\/12\/Narben-bleiben-Bild-2025-Collage-300x240.png\" alt=\"\" width=\"300\" height=\"240\" srcset=\"https:\/\/www.realschule-altenwalde.de\/wordpress\/wp-content\/uploads\/2025\/12\/Narben-bleiben-Bild-2025-Collage-300x240.png 300w, https:\/\/www.realschule-altenwalde.de\/wordpress\/wp-content\/uploads\/2025\/12\/Narben-bleiben-Bild-2025-Collage-1024x819.png 1024w, https:\/\/www.realschule-altenwalde.de\/wordpress\/wp-content\/uploads\/2025\/12\/Narben-bleiben-Bild-2025-Collage-768x614.png 768w, https:\/\/www.realschule-altenwalde.de\/wordpress\/wp-content\/uploads\/2025\/12\/Narben-bleiben-Bild-2025-Collage-1536x1229.png 1536w, https:\/\/www.realschule-altenwalde.de\/wordpress\/wp-content\/uploads\/2025\/12\/Narben-bleiben-Bild-2025-Collage-750x600.png 750w, https:\/\/www.realschule-altenwalde.de\/wordpress\/wp-content\/uploads\/2025\/12\/Narben-bleiben-Bild-2025-Collage-100x80.png 100w, https:\/\/www.realschule-altenwalde.de\/wordpress\/wp-content\/uploads\/2025\/12\/Narben-bleiben-Bild-2025-Collage.png 2000w\" sizes=\"(max-width: 300px) 100vw, 300px\" \/><\/a><\/p>\n<p>Da diese Veranstaltung schon seit einer so langen Zeit ein Teil unserer Schule ist, wird dieses letzte Mal zu einer ganz besonderen Veranstaltung. Die CN (Cuxhavener Nachrichten) waren da, um \u00fcber diese Veranstaltung zu berichten und sogar Frau Armbrust, die ehemalige Schulleiterin und der schulfachliche Dezernent Herr Mittelst\u00e4dt (nicht zu verwechseln mit Herr Mittelstedt, der die Veranstaltung betreibt).<\/p>\n<p>Die Veranstaltung bestand wie immer aus freiwilligen Lesern,&nbsp; die Geschichten von \u00dcberlebenden des Holocaust oder Juden und der Zeit vortrugen, um diese schreckliche Zeit in unserer Geschichte nicht zu vergessen.&nbsp; Die Leute,&nbsp; die zu dieser Zeit gelitten haben und gestorben sind, zu ehren um ihn den Respekt zu schenken, der ihn fr\u00fcher genommen wurde.&nbsp;&nbsp;<\/p>\n<p>Da es das letzte Mal war hatte unserer Schulleiter Herr Ohland ein paar Worte zu sagen, er betonte, dass heute ein au\u00dfergew\u00f6hnlicher Tag sei, da das Projekt seit 2005 laufe und nun ende. Au\u00dferdem \u00fcbergab er Herrn Mittelstedt eine Holzscheibe mit dem GSS Logo samt Sch\u00fclerunterschriften und einen Geschenkekorb als Dankesch\u00f6n. Herr Mittelstedt bedankt sich auch, dass er mit seinem kleinen Verein das Projekt mit unserer Schule j\u00e4hrlich veranstalten durfte.<\/p>\n<p>Wir beenden diesen Bericht mit einem Dankesch\u00f6n an all die Leute, die diese Veranstaltung \u00fcber fast 20 Jahre m\u00f6glich gemacht haben, insbesondere all denen aus dem Verein \u201eNarben bleiben\u201c, vor allem Manfred Mittelstedt und nat\u00fcrlich allen Sch\u00fclern, die sich freiwillig zum Lesen der Texte gemeldet haben, um die Opfer des Holocaust zu ehren und diese Zeit nicht zu vergessen, damit so etwas nie wieder passiert.<\/p>\n<p>Eure Scholli-News<\/p>\n","protected":false},"excerpt":{"rendered":"<p>Alles Gute hat ein Ende und das gilt auch f\u00fcr unser Projekt zur Erinnerung an den Holocaust, das nun seit schon fast 20 Jahren zusammen mit dem Verein \u201eNarben bleiben- die Erinnerung lebt weiter\u201c zusammen gemacht wird. Manfred Mittelstedt h\u00f6rt allerdings nach fast 20 Jahren auf was bedeutet, dass dieses Mal das letzte Mal sein &hellip; <\/p>\n<p><a class=\"more-link btn\" href=\"https:\/\/www.realschule-altenwalde.de\/wordpress\/2025\/12\/03\/letztes-mal-narben-bleiben\/\">Weiterlesen<\/a><\/p>\n","protected":false},"author":6,"featured_media":0,"comment_status":"closed","ping_status":"closed","sticky":false,"template":"","format":"standard","meta":{"ngg_post_thumbnail":0},"categories":[14,22],"tags":[],"_links":{"self":[{"href":"https:\/\/www.realschule-altenwalde.de\/wordpress\/wp-json\/wp\/v2\/posts\/3651"}],"collection":[{"href":"https:\/\/www.realschule-altenwalde.de\/wordpress\/wp-json\/wp\/v2\/posts"}],"about":[{"href":"https:\/\/www.realschule-altenwalde.de\/wordpress\/wp-json\/wp\/v2\/types\/post"}],"author":[{"embeddable":true,"href":"https:\/\/www.realschule-altenwalde.de\/wordpress\/wp-json\/wp\/v2\/users\/6"}],"replies":[{"embeddable":true,"href":"https:\/\/www.realschule-altenwalde.de\/wordpress\/wp-json\/wp\/v2\/comments?post=3651"}],"version-history":[{"count":1,"href":"https:\/\/www.realschule-altenwalde.de\/wordpress\/wp-json\/wp\/v2\/posts\/3651\/revisions"}],"predecessor-version":[{"id":3653,"href":"https:\/\/www.realschule-altenwalde.de\/wordpress\/wp-json\/wp\/v2\/posts\/3651\/revisions\/3653"}],"wp:attachment":[{"href":"https:\/\/www.realschule-altenwalde.de\/wordpress\/wp-json\/wp\/v2\/media?parent=3651"}],"wp:term":[{"taxonomy":"category","embeddable":true,"href":"https:\/\/www.realschule-altenwalde.de\/wordpress\/wp-json\/wp\/v2\/categories?post=3651"},{"taxonomy":"post_tag","embeddable":true,"href":"https:\/\/www.realschule-altenwalde.de\/wordpress\/wp-json\/wp\/v2\/tags?post=3651"}],"curies":[{"name":"wp","href":"https:\/\/api.w.org\/{rel}","templated":true}]}}