{"id":3209,"date":"2024-04-08T12:52:51","date_gmt":"2024-04-08T10:52:51","guid":{"rendered":"https:\/\/www.realschule-altenwalde.de\/wordpress\/?p=3209"},"modified":"2024-04-08T12:52:51","modified_gmt":"2024-04-08T10:52:51","slug":"ausflug-zum-amtsgericht-cuxhaven","status":"publish","type":"post","link":"https:\/\/www.realschule-altenwalde.de\/wordpress\/2024\/04\/08\/ausflug-zum-amtsgericht-cuxhaven\/","title":{"rendered":"Ausflug zum Amtsgericht Cuxhaven"},"content":{"rendered":"<p>Wann kommt es eigentlich zu einer Gerichtsverhandlung? Wer ist an den Prozessen beteiligt? Wie werde ich eigentlich Sch\u00f6ffe und welche Funktion haben diese? Diesen und weiteren Fragen soll der 7. Jahrgang unserer Schule herausbekommen.<\/p>\n<p>Dazu gehen die 7. Kl\u00e4ssler in Begleitung ihrer Politiklehrer diese und n\u00e4chste Woche zum Amtsgericht Cuxhaven. Sie sehen sich den Prozess an, um mehr \u00fcber Politik, Rechtsthemen, der Veranschaulichung und den Ablauf eines Gerichtes kennen zu lernen. Sie schauen sich an, wie man sich in einem Gericht verh\u00e4lt, was dort passiert und wie es dort formal abl\u00e4uft.<\/p>\n<p>Wir hoffen, dass der Ausflug informativ ist und freuen uns \u00fcber die Erfahrungen der Sch\u00fclerInnen.<\/p>\n<p>Eure Scholli-News<\/p>\n","protected":false},"excerpt":{"rendered":"<p>Wann kommt es eigentlich zu einer Gerichtsverhandlung? Wer ist an den Prozessen beteiligt? Wie werde ich eigentlich Sch\u00f6ffe und welche Funktion haben diese? Diesen und weiteren Fragen soll der 7. Jahrgang unserer Schule herausbekommen. Dazu gehen die 7. Kl\u00e4ssler in Begleitung ihrer Politiklehrer diese und n\u00e4chste Woche zum Amtsgericht Cuxhaven. Sie sehen sich den Prozess &hellip; <\/p>\n<p><a class=\"more-link btn\" href=\"https:\/\/www.realschule-altenwalde.de\/wordpress\/2024\/04\/08\/ausflug-zum-amtsgericht-cuxhaven\/\">Weiterlesen<\/a><\/p>\n","protected":false},"author":6,"featured_media":0,"comment_status":"closed","ping_status":"closed","sticky":false,"template":"","format":"standard","meta":{"ngg_post_thumbnail":0},"categories":[14,22],"tags":[],"_links":{"self":[{"href":"https:\/\/www.realschule-altenwalde.de\/wordpress\/wp-json\/wp\/v2\/posts\/3209"}],"collection":[{"href":"https:\/\/www.realschule-altenwalde.de\/wordpress\/wp-json\/wp\/v2\/posts"}],"about":[{"href":"https:\/\/www.realschule-altenwalde.de\/wordpress\/wp-json\/wp\/v2\/types\/post"}],"author":[{"embeddable":true,"href":"https:\/\/www.realschule-altenwalde.de\/wordpress\/wp-json\/wp\/v2\/users\/6"}],"replies":[{"embeddable":true,"href":"https:\/\/www.realschule-altenwalde.de\/wordpress\/wp-json\/wp\/v2\/comments?post=3209"}],"version-history":[{"count":1,"href":"https:\/\/www.realschule-altenwalde.de\/wordpress\/wp-json\/wp\/v2\/posts\/3209\/revisions"}],"predecessor-version":[{"id":3210,"href":"https:\/\/www.realschule-altenwalde.de\/wordpress\/wp-json\/wp\/v2\/posts\/3209\/revisions\/3210"}],"wp:attachment":[{"href":"https:\/\/www.realschule-altenwalde.de\/wordpress\/wp-json\/wp\/v2\/media?parent=3209"}],"wp:term":[{"taxonomy":"category","embeddable":true,"href":"https:\/\/www.realschule-altenwalde.de\/wordpress\/wp-json\/wp\/v2\/categories?post=3209"},{"taxonomy":"post_tag","embeddable":true,"href":"https:\/\/www.realschule-altenwalde.de\/wordpress\/wp-json\/wp\/v2\/tags?post=3209"}],"curies":[{"name":"wp","href":"https:\/\/api.w.org\/{rel}","templated":true}]}}