{"id":3121,"date":"2024-01-22T11:07:48","date_gmt":"2024-01-22T10:07:48","guid":{"rendered":"https:\/\/www.realschule-altenwalde.de\/wordpress\/?p=3121"},"modified":"2024-01-22T11:07:48","modified_gmt":"2024-01-22T10:07:48","slug":"weihnachtskarten-an-die-franzosen","status":"publish","type":"post","link":"https:\/\/www.realschule-altenwalde.de\/wordpress\/2024\/01\/22\/weihnachtskarten-an-die-franzosen\/","title":{"rendered":"Weihnachtskarten an die Franzosen"},"content":{"rendered":"<p><a href=\"https:\/\/www.realschule-altenwalde.de\/wordpress\/wp-content\/uploads\/2024\/01\/Karten1-scaled.jpeg\"><img loading=\"lazy\" class=\"size-medium wp-image-3122 alignleft\" src=\"https:\/\/www.realschule-altenwalde.de\/wordpress\/wp-content\/uploads\/2024\/01\/Karten1-300x225.jpeg\" alt=\"\" width=\"300\" height=\"225\" srcset=\"https:\/\/www.realschule-altenwalde.de\/wordpress\/wp-content\/uploads\/2024\/01\/Karten1-300x225.jpeg 300w, https:\/\/www.realschule-altenwalde.de\/wordpress\/wp-content\/uploads\/2024\/01\/Karten1-1024x768.jpeg 1024w, https:\/\/www.realschule-altenwalde.de\/wordpress\/wp-content\/uploads\/2024\/01\/Karten1-768x576.jpeg 768w, https:\/\/www.realschule-altenwalde.de\/wordpress\/wp-content\/uploads\/2024\/01\/Karten1-1536x1152.jpeg 1536w, https:\/\/www.realschule-altenwalde.de\/wordpress\/wp-content\/uploads\/2024\/01\/Karten1-2048x1536.jpeg 2048w, https:\/\/www.realschule-altenwalde.de\/wordpress\/wp-content\/uploads\/2024\/01\/Karten1-750x563.jpeg 750w, https:\/\/www.realschule-altenwalde.de\/wordpress\/wp-content\/uploads\/2024\/01\/Karten1-100x75.jpeg 100w\" sizes=\"(max-width: 300px) 100vw, 300px\" \/><\/a>Unsere Franz\u00f6sischkurse der Klassen 6,7 und 8 haben im Unterricht Karten selbstgebastelt und sie an die Deutschkurse in Vannes in unsere Partnerschule Coll\u00e8ge le Sacr\u00e9 C\u0153ur geschickt. Die Sechstkl\u00e4ssler haben die Gelegenheit genutzt, ihre Franz\u00f6sischkenntnisse anzuwenden und zu st\u00e4rken, au\u00dferdem wollten sie sich somit auch in Frankreich vorstellen.<\/p>\n<p><a href=\"https:\/\/www.realschule-altenwalde.de\/wordpress\/wp-content\/uploads\/2024\/01\/Karten2-scaled.jpeg\"><img loading=\"lazy\" class=\"aligncenter size-medium wp-image-3123\" src=\"https:\/\/www.realschule-altenwalde.de\/wordpress\/wp-content\/uploads\/2024\/01\/Karten2-300x225.jpeg\" alt=\"\" width=\"300\" height=\"225\" srcset=\"https:\/\/www.realschule-altenwalde.de\/wordpress\/wp-content\/uploads\/2024\/01\/Karten2-300x225.jpeg 300w, https:\/\/www.realschule-altenwalde.de\/wordpress\/wp-content\/uploads\/2024\/01\/Karten2-1024x768.jpeg 1024w, https:\/\/www.realschule-altenwalde.de\/wordpress\/wp-content\/uploads\/2024\/01\/Karten2-768x576.jpeg 768w, https:\/\/www.realschule-altenwalde.de\/wordpress\/wp-content\/uploads\/2024\/01\/Karten2-1536x1152.jpeg 1536w, https:\/\/www.realschule-altenwalde.de\/wordpress\/wp-content\/uploads\/2024\/01\/Karten2-2048x1536.jpeg 2048w, https:\/\/www.realschule-altenwalde.de\/wordpress\/wp-content\/uploads\/2024\/01\/Karten2-750x563.jpeg 750w, https:\/\/www.realschule-altenwalde.de\/wordpress\/wp-content\/uploads\/2024\/01\/Karten2-100x75.jpeg 100w\" sizes=\"(max-width: 300px) 100vw, 300px\" \/><\/a><\/p>\n<p>Einige wollen so auch ein Kontakt f\u00fcr eine Brieffreundschaft finden. Die Lehrkr\u00e4fte hoffen darauf, dass so die deutsch-franz\u00f6sische Freundschaft weiter gest\u00e4rkt wird und mehr Interesse an einem Sch\u00fcleraustausch besteht.<\/p>\n<p>Eure Scholli-News<\/p>\n","protected":false},"excerpt":{"rendered":"<p>Unsere Franz\u00f6sischkurse der Klassen 6,7 und 8 haben im Unterricht Karten selbstgebastelt und sie an die Deutschkurse in Vannes in unsere Partnerschule Coll\u00e8ge le Sacr\u00e9 C\u0153ur geschickt. Die Sechstkl\u00e4ssler haben die Gelegenheit genutzt, ihre Franz\u00f6sischkenntnisse anzuwenden und zu st\u00e4rken, au\u00dferdem wollten sie sich somit auch in Frankreich vorstellen. Einige wollen so auch ein Kontakt f\u00fcr &hellip; <\/p>\n<p><a class=\"more-link btn\" href=\"https:\/\/www.realschule-altenwalde.de\/wordpress\/2024\/01\/22\/weihnachtskarten-an-die-franzosen\/\">Weiterlesen<\/a><\/p>\n","protected":false},"author":6,"featured_media":0,"comment_status":"closed","ping_status":"closed","sticky":false,"template":"","format":"standard","meta":{"ngg_post_thumbnail":0},"categories":[14,22],"tags":[],"_links":{"self":[{"href":"https:\/\/www.realschule-altenwalde.de\/wordpress\/wp-json\/wp\/v2\/posts\/3121"}],"collection":[{"href":"https:\/\/www.realschule-altenwalde.de\/wordpress\/wp-json\/wp\/v2\/posts"}],"about":[{"href":"https:\/\/www.realschule-altenwalde.de\/wordpress\/wp-json\/wp\/v2\/types\/post"}],"author":[{"embeddable":true,"href":"https:\/\/www.realschule-altenwalde.de\/wordpress\/wp-json\/wp\/v2\/users\/6"}],"replies":[{"embeddable":true,"href":"https:\/\/www.realschule-altenwalde.de\/wordpress\/wp-json\/wp\/v2\/comments?post=3121"}],"version-history":[{"count":1,"href":"https:\/\/www.realschule-altenwalde.de\/wordpress\/wp-json\/wp\/v2\/posts\/3121\/revisions"}],"predecessor-version":[{"id":3124,"href":"https:\/\/www.realschule-altenwalde.de\/wordpress\/wp-json\/wp\/v2\/posts\/3121\/revisions\/3124"}],"wp:attachment":[{"href":"https:\/\/www.realschule-altenwalde.de\/wordpress\/wp-json\/wp\/v2\/media?parent=3121"}],"wp:term":[{"taxonomy":"category","embeddable":true,"href":"https:\/\/www.realschule-altenwalde.de\/wordpress\/wp-json\/wp\/v2\/categories?post=3121"},{"taxonomy":"post_tag","embeddable":true,"href":"https:\/\/www.realschule-altenwalde.de\/wordpress\/wp-json\/wp\/v2\/tags?post=3121"}],"curies":[{"name":"wp","href":"https:\/\/api.w.org\/{rel}","templated":true}]}}