{"id":3055,"date":"2023-11-07T13:47:44","date_gmt":"2023-11-07T12:47:44","guid":{"rendered":"https:\/\/www.realschule-altenwalde.de\/wordpress\/?p=3055"},"modified":"2023-11-07T13:47:44","modified_gmt":"2023-11-07T12:47:44","slug":"klassenfahrt-10b-unsere-erlebnisse-in-koeln","status":"publish","type":"post","link":"https:\/\/www.realschule-altenwalde.de\/wordpress\/2023\/11\/07\/klassenfahrt-10b-unsere-erlebnisse-in-koeln\/","title":{"rendered":"Klassenfahrt 10b &#8211; Unsere Erlebnisse in K\u00f6ln"},"content":{"rendered":"<p><a href=\"https:\/\/www.realschule-altenwalde.de\/wordpress\/wp-content\/uploads\/2023\/11\/10b-klassenfahrt.jpeg\"><img loading=\"lazy\" class=\"size-medium wp-image-3056 alignleft\" src=\"https:\/\/www.realschule-altenwalde.de\/wordpress\/wp-content\/uploads\/2023\/11\/10b-klassenfahrt-300x225.jpeg\" alt=\"\" width=\"300\" height=\"225\" srcset=\"https:\/\/www.realschule-altenwalde.de\/wordpress\/wp-content\/uploads\/2023\/11\/10b-klassenfahrt-300x225.jpeg 300w, https:\/\/www.realschule-altenwalde.de\/wordpress\/wp-content\/uploads\/2023\/11\/10b-klassenfahrt-1024x768.jpeg 1024w, https:\/\/www.realschule-altenwalde.de\/wordpress\/wp-content\/uploads\/2023\/11\/10b-klassenfahrt-768x576.jpeg 768w, https:\/\/www.realschule-altenwalde.de\/wordpress\/wp-content\/uploads\/2023\/11\/10b-klassenfahrt-1536x1152.jpeg 1536w, https:\/\/www.realschule-altenwalde.de\/wordpress\/wp-content\/uploads\/2023\/11\/10b-klassenfahrt-750x563.jpeg 750w, https:\/\/www.realschule-altenwalde.de\/wordpress\/wp-content\/uploads\/2023\/11\/10b-klassenfahrt-100x75.jpeg 100w, https:\/\/www.realschule-altenwalde.de\/wordpress\/wp-content\/uploads\/2023\/11\/10b-klassenfahrt.jpeg 2048w\" sizes=\"(max-width: 300px) 100vw, 300px\" \/><\/a>Die Klasse 10b ist am Montagmorgen (28.8.-1.9.2023) mit dem Zug von Cuxhaven nach Hamburg-Harburg und von dort aus mit dem ICE nach K\u00f6ln gefahren.<\/p>\n<p>(insgesamte Fahrzeit: 6 Stunden)<\/p>\n<p>\u00dcber den Tag hinweg hatten wir Freizeit und durften uns frei in der Stadt bewegen. Die meisten Sch\u00fcler sind dann erstmal shoppen gegangen und am Abend gingen wir als Klasse gemeinsam im Hardrock-Caf\u00e9 Essen.<\/p>\n<p>Die Domf\u00fchrung&nbsp;<\/p>\n<p>Wir sind am Morgen zu einer Stadtrundf\u00fchrung gelaufen, bei der uns eine Frau abgeholt hat und uns sehr viele Information \u00fcber die Stadt K\u00f6ln gab &#8211; insbesondere \u00fcber den Dom. Danach hatten wir wieder Freizeit.<\/p>\n<p>Das Schokoladenmuseum<\/p>\n<p>Im Schokoladenmuseum haben wir eine Rundf\u00fchrung gemacht, bei der uns die Entstehung und Produktion gezeigt wurde. Dazu durften wir noch eine Kakaobohne probieren und verschiedene Schokoladensorten testen, wie Zum Beispiel: eine Chilischokolade. Das Highlight des Schokoladenmuseums war der Schokobrunnen, an dem wir die Schokolade mit einer Waffel probieren durften. Am Abend sind wir noch ins \u201eCinedom\u201c gegangen und haben einen Film geschaut. Die eine Gruppe hat den Film Oppenheimer geschaut und die andere Gruppe den Film Meg 2.<\/p>\n<p><!--more--><\/p>\n<p>Das Phantasialand<\/p>\n<p>Morgens sind wir mit der S-Bahn nach Br\u00fchl und von da aus mit dem Bus zum Phantasialand gefahren. Dort konnten wir alle m\u00f6glichen Achterbahnen ausprobieren. Am sp\u00e4ten Nachmittag wurden wir dann von dem Bus wieder zum Bahnhof gebracht von wo aus wir mit der S-Bahn zur\u00fcck zum Hostel gefahren sind.<\/p>\n<p>Fazit<\/p>\n<p>Die Klassenfahrt war insgesamt gut. Wir haben sehr viel erlebt und eine neue Stadt und ihre Sehensw\u00fcrdigkeiten kennengelernt. Das Phantasialand war unser Highlight und es war sehr spannend.&nbsp;&nbsp;&nbsp;<\/p>\n<p>Eure Scholli-News aus der 10b&nbsp;&nbsp;&nbsp;&nbsp;&nbsp;&nbsp;&nbsp;&nbsp;&nbsp;&nbsp;&nbsp;&nbsp;&nbsp;&nbsp;&nbsp;&nbsp;&nbsp;&nbsp;&nbsp;&nbsp;&nbsp;&nbsp;&nbsp;&nbsp;&nbsp;&nbsp;&nbsp;&nbsp;&nbsp;&nbsp;&nbsp;&nbsp;&nbsp;&nbsp;&nbsp;&nbsp;&nbsp;&nbsp;&nbsp;&nbsp;&nbsp;&nbsp;&nbsp;&nbsp;&nbsp;&nbsp;&nbsp;&nbsp;&nbsp;&nbsp;&nbsp;&nbsp;&nbsp;&nbsp;&nbsp;&nbsp;&nbsp;&nbsp;&nbsp;&nbsp;&nbsp;&nbsp;&nbsp;&nbsp;&nbsp;&nbsp;&nbsp;&nbsp;&nbsp;&nbsp;&nbsp;&nbsp;&nbsp;&nbsp;&nbsp;&nbsp;&nbsp;&nbsp;&nbsp;&nbsp;&nbsp;&nbsp;&nbsp;&nbsp;&nbsp;&nbsp;&nbsp;&nbsp;&nbsp;&nbsp;&nbsp;&nbsp;&nbsp;&nbsp;&nbsp;&nbsp;&nbsp;&nbsp;&nbsp;&nbsp;&nbsp;&nbsp;&nbsp;&nbsp;&nbsp;&nbsp;&nbsp;&nbsp;&nbsp;&nbsp;&nbsp;&nbsp;&nbsp;&nbsp;&nbsp;&nbsp;&nbsp;&nbsp;&nbsp;&nbsp;&nbsp;&nbsp;&nbsp;&nbsp;&nbsp;&nbsp;&nbsp;&nbsp;&nbsp;&nbsp;&nbsp;&nbsp;&nbsp;&nbsp;&nbsp;&nbsp;&nbsp;&nbsp;&nbsp;&nbsp;&nbsp;&nbsp;&nbsp;&nbsp;&nbsp;&nbsp;&nbsp;&nbsp;&nbsp;&nbsp;&nbsp;&nbsp;&nbsp;&nbsp;&nbsp;&nbsp;&nbsp;&nbsp;&nbsp;&nbsp;&nbsp;&nbsp;&nbsp;&nbsp;&nbsp;&nbsp;&nbsp;&nbsp;&nbsp;&nbsp;&nbsp;&nbsp;&nbsp;&nbsp;&nbsp;&nbsp;&nbsp;&nbsp;&nbsp;&nbsp;&nbsp;&nbsp;&nbsp;&nbsp;&nbsp;&nbsp;&nbsp;&nbsp;&nbsp;&nbsp;&nbsp;&nbsp;&nbsp;&nbsp;&nbsp;&nbsp;&nbsp;&nbsp;&nbsp;&nbsp;&nbsp;&nbsp;&nbsp;&nbsp;&nbsp;&nbsp;&nbsp;&nbsp;&nbsp;&nbsp;&nbsp;&nbsp;&nbsp;&nbsp;&nbsp;&nbsp;&nbsp;&nbsp;&nbsp;<\/p>\n<p>&nbsp;&nbsp;&nbsp;&nbsp;<\/p>\n","protected":false},"excerpt":{"rendered":"<p>Die Klasse 10b ist am Montagmorgen (28.8.-1.9.2023) mit dem Zug von Cuxhaven nach Hamburg-Harburg und von dort aus mit dem ICE nach K\u00f6ln gefahren. (insgesamte Fahrzeit: 6 Stunden) \u00dcber den Tag hinweg hatten wir Freizeit und durften uns frei in der Stadt bewegen. Die meisten Sch\u00fcler sind dann erstmal shoppen gegangen und am Abend gingen &hellip; <\/p>\n<p><a class=\"more-link btn\" href=\"https:\/\/www.realschule-altenwalde.de\/wordpress\/2023\/11\/07\/klassenfahrt-10b-unsere-erlebnisse-in-koeln\/\">Weiterlesen<\/a><\/p>\n","protected":false},"author":6,"featured_media":0,"comment_status":"closed","ping_status":"closed","sticky":false,"template":"","format":"standard","meta":{"ngg_post_thumbnail":0},"categories":[1,22],"tags":[],"_links":{"self":[{"href":"https:\/\/www.realschule-altenwalde.de\/wordpress\/wp-json\/wp\/v2\/posts\/3055"}],"collection":[{"href":"https:\/\/www.realschule-altenwalde.de\/wordpress\/wp-json\/wp\/v2\/posts"}],"about":[{"href":"https:\/\/www.realschule-altenwalde.de\/wordpress\/wp-json\/wp\/v2\/types\/post"}],"author":[{"embeddable":true,"href":"https:\/\/www.realschule-altenwalde.de\/wordpress\/wp-json\/wp\/v2\/users\/6"}],"replies":[{"embeddable":true,"href":"https:\/\/www.realschule-altenwalde.de\/wordpress\/wp-json\/wp\/v2\/comments?post=3055"}],"version-history":[{"count":1,"href":"https:\/\/www.realschule-altenwalde.de\/wordpress\/wp-json\/wp\/v2\/posts\/3055\/revisions"}],"predecessor-version":[{"id":3057,"href":"https:\/\/www.realschule-altenwalde.de\/wordpress\/wp-json\/wp\/v2\/posts\/3055\/revisions\/3057"}],"wp:attachment":[{"href":"https:\/\/www.realschule-altenwalde.de\/wordpress\/wp-json\/wp\/v2\/media?parent=3055"}],"wp:term":[{"taxonomy":"category","embeddable":true,"href":"https:\/\/www.realschule-altenwalde.de\/wordpress\/wp-json\/wp\/v2\/categories?post=3055"},{"taxonomy":"post_tag","embeddable":true,"href":"https:\/\/www.realschule-altenwalde.de\/wordpress\/wp-json\/wp\/v2\/tags?post=3055"}],"curies":[{"name":"wp","href":"https:\/\/api.w.org\/{rel}","templated":true}]}}