{"id":2954,"date":"2023-06-14T09:23:28","date_gmt":"2023-06-14T07:23:28","guid":{"rendered":"https:\/\/www.realschule-altenwalde.de\/wordpress\/?p=2954"},"modified":"2023-06-14T09:23:28","modified_gmt":"2023-06-14T07:23:28","slug":"ki-verbot-an-schulen","status":"publish","type":"post","link":"https:\/\/www.realschule-altenwalde.de\/wordpress\/2023\/06\/14\/ki-verbot-an-schulen\/","title":{"rendered":"KI-Verbot an Schulen"},"content":{"rendered":"<p>Wir, die \u201eScholi-News\u201c berichten euch heute von der \u201eKI\u201c an den Schulen und was vielleicht bald auf uns Sch\u00fclern zutreffen wird.<\/p>\n<p>Die K\u00fcnstliche Intelligenz \u201eKI\u201c wie z.B. ChatGPT wird von Sch\u00fclern dazu benutzt<\/p>\n<p>ihre Schulaufgaben zu machen bzw. zu l\u00f6sen, was unfair f\u00fcr die Schulen und Lehrer sein kann, aber hat es vielleicht bald ein Ende?<\/p>\n<p>In Th\u00fcringen soll demn\u00e4chst ein \u201eKI\u201c-Verbot an allen Schulen dort eingef\u00fchrt werden. Dies erm\u00f6glicht, dass die Schulen wieder normal zu Hause arbeiten m\u00fcssen, ohne dass die \u201eKI\u201c ihre Aufgaben bearbeitet. Der Bildungsminister Helmut Holter hat sich gegen ein \u201eKI-Verbot\u201c an allen Schulen ausgesprochen, aber er kann alleine jede Schule \u00fcberstimmen. Mittlerweile hat fast jeder Lehrer ein Programm, wo Lehrer von der Schule aus kontrollieren k\u00f6nnen, ob es vom Sch\u00fcler oder der \u201eKI\u201c bearbeitet wurde. Die Sch\u00fcler waren begeistert von der k\u00fcnstlichen Intelligenz, dass sie ihnen mehr Freizeit geboten hat und gute Noten, aber diese Freizeit k\u00f6nnte bald wieder geraubt werden. \u00dcber die Nutzung der \u201eKI\u201c in Bildungs- und Hochschulen wurden schon diskutiert seit der Ver\u00f6ffentlichung des Programms.<\/p>\n<p>Wir finden das das der Verbot von k\u00fcnstlicher Intelligenz an Schulen eine gute Idee ist, um die Bildung der Sch\u00fcler nicht zu verschlechtern. Mittlerweile gibt es n\u00e4mlich mehrere Sch\u00fcler die das Leseverstehen, die Rechtschreibung und die Gro\u00df- und Kleinschreibung nicht mehr beherrschen ( auch in h\u00f6heren Klassenstufen).<\/p>\n<p>Dies wollen wir vermeiden, damit das Schulsystem nicht ganz im Eimer ist.<\/p>\n<p>Eure Scholli-News<\/p>\n","protected":false},"excerpt":{"rendered":"<p>Wir, die \u201eScholi-News\u201c berichten euch heute von der \u201eKI\u201c an den Schulen und was vielleicht bald auf uns Sch\u00fclern zutreffen wird. Die K\u00fcnstliche Intelligenz \u201eKI\u201c wie z.B. ChatGPT wird von Sch\u00fclern dazu benutzt ihre Schulaufgaben zu machen bzw. zu l\u00f6sen, was unfair f\u00fcr die Schulen und Lehrer sein kann, aber hat es vielleicht bald ein &hellip; <\/p>\n<p><a class=\"more-link btn\" href=\"https:\/\/www.realschule-altenwalde.de\/wordpress\/2023\/06\/14\/ki-verbot-an-schulen\/\">Weiterlesen<\/a><\/p>\n","protected":false},"author":6,"featured_media":0,"comment_status":"closed","ping_status":"closed","sticky":false,"template":"","format":"standard","meta":{"ngg_post_thumbnail":0},"categories":[22],"tags":[],"_links":{"self":[{"href":"https:\/\/www.realschule-altenwalde.de\/wordpress\/wp-json\/wp\/v2\/posts\/2954"}],"collection":[{"href":"https:\/\/www.realschule-altenwalde.de\/wordpress\/wp-json\/wp\/v2\/posts"}],"about":[{"href":"https:\/\/www.realschule-altenwalde.de\/wordpress\/wp-json\/wp\/v2\/types\/post"}],"author":[{"embeddable":true,"href":"https:\/\/www.realschule-altenwalde.de\/wordpress\/wp-json\/wp\/v2\/users\/6"}],"replies":[{"embeddable":true,"href":"https:\/\/www.realschule-altenwalde.de\/wordpress\/wp-json\/wp\/v2\/comments?post=2954"}],"version-history":[{"count":1,"href":"https:\/\/www.realschule-altenwalde.de\/wordpress\/wp-json\/wp\/v2\/posts\/2954\/revisions"}],"predecessor-version":[{"id":2955,"href":"https:\/\/www.realschule-altenwalde.de\/wordpress\/wp-json\/wp\/v2\/posts\/2954\/revisions\/2955"}],"wp:attachment":[{"href":"https:\/\/www.realschule-altenwalde.de\/wordpress\/wp-json\/wp\/v2\/media?parent=2954"}],"wp:term":[{"taxonomy":"category","embeddable":true,"href":"https:\/\/www.realschule-altenwalde.de\/wordpress\/wp-json\/wp\/v2\/categories?post=2954"},{"taxonomy":"post_tag","embeddable":true,"href":"https:\/\/www.realschule-altenwalde.de\/wordpress\/wp-json\/wp\/v2\/tags?post=2954"}],"curies":[{"name":"wp","href":"https:\/\/api.w.org\/{rel}","templated":true}]}}