{"id":2860,"date":"2023-04-14T11:21:03","date_gmt":"2023-04-14T09:21:03","guid":{"rendered":"https:\/\/www.realschule-altenwalde.de\/wordpress\/?p=2860"},"modified":"2023-04-14T11:21:03","modified_gmt":"2023-04-14T09:21:03","slug":"atomausstieg-in-deutschland","status":"publish","type":"post","link":"https:\/\/www.realschule-altenwalde.de\/wordpress\/2023\/04\/14\/atomausstieg-in-deutschland\/","title":{"rendered":"Atomausstieg in Deutschland!?"},"content":{"rendered":"<p>Hallo liebe Schollis.<\/p>\n<p>Die letzten AKW sollten vor kurzem in Deutschland abgeschaltet werden. Doch ein paar Tage davor gab es eine Diskussion dar\u00fcber ob es eine Verl\u00e4ngerung des\u00a0 Reserve-Betriebs geben soll. Diese wurde jedoch von der Bundesumweltministerin Abgelehnt. Obwohl die Drei AKW in Deutschland zu den sichersten der Welt z\u00e4hlten. Das sorgte f\u00fcr Kritik von der FDP, CDU und aus der Wirtschaft.<\/p>\n<p>Der Bundestag hat am 11.11.2022 die \u00c4nderung des Atomgesetzes beschlossen: Demnach werden die drei noch laufenden deutschen Atomkraftwerke Isar 2, Neckarwestheim 2 und Emsland in einem befristeten Streckbetrieb bis l\u00e4ngstens 15. April 2023 weiterbetrieben. Dar\u00fcber hinaus birgt eine Laufzeitverl\u00e4ngerung auch gesellschaftliche Risiken. Denn der Atomausstieg ist die zentrale Grundlage f\u00fcr die 2017 neu gestartete Endlagersuche f\u00fcr die <a href=\"https:\/\/www.base.bund.de\/SharedDocs\/Glossareintraege\/DE\/H\/hochradioaktiv.html?view=renderHelp\">hochradioaktiven Abf\u00e4lle<\/a> in Deutschland.<\/p>\n<p>Ob und wie es weitergeht, wird sich in den n\u00e4chsten Tagen entscheiden, da ansonsten die Endmontage der 3 AKWs erfolgen wird.<\/p>\n<p>Die Mehrheit der deutschen Bev\u00f6lkerung hat sich jedenfalls, aufgrund der derzeit hitzigen politischen Lage, gegen eine komplette Demontage ausgesprochen, so dass im Notfall diese schnell wieder aufgenommen werden k\u00f6nnten.<\/p>\n<p>Wir bleiben dran und berichten weiter.<\/p>\n<p>Eure Scholli News<\/p>\n","protected":false},"excerpt":{"rendered":"<p>Hallo liebe Schollis. Die letzten AKW sollten vor kurzem in Deutschland abgeschaltet werden. Doch ein paar Tage davor gab es eine Diskussion dar\u00fcber ob es eine Verl\u00e4ngerung des\u00a0 Reserve-Betriebs geben soll. Diese wurde jedoch von der Bundesumweltministerin Abgelehnt. Obwohl die Drei AKW in Deutschland zu den sichersten der Welt z\u00e4hlten. Das sorgte f\u00fcr Kritik von &hellip; <\/p>\n<p><a class=\"more-link btn\" href=\"https:\/\/www.realschule-altenwalde.de\/wordpress\/2023\/04\/14\/atomausstieg-in-deutschland\/\">Weiterlesen<\/a><\/p>\n","protected":false},"author":6,"featured_media":0,"comment_status":"closed","ping_status":"closed","sticky":false,"template":"","format":"standard","meta":{"ngg_post_thumbnail":0},"categories":[22],"tags":[],"_links":{"self":[{"href":"https:\/\/www.realschule-altenwalde.de\/wordpress\/wp-json\/wp\/v2\/posts\/2860"}],"collection":[{"href":"https:\/\/www.realschule-altenwalde.de\/wordpress\/wp-json\/wp\/v2\/posts"}],"about":[{"href":"https:\/\/www.realschule-altenwalde.de\/wordpress\/wp-json\/wp\/v2\/types\/post"}],"author":[{"embeddable":true,"href":"https:\/\/www.realschule-altenwalde.de\/wordpress\/wp-json\/wp\/v2\/users\/6"}],"replies":[{"embeddable":true,"href":"https:\/\/www.realschule-altenwalde.de\/wordpress\/wp-json\/wp\/v2\/comments?post=2860"}],"version-history":[{"count":1,"href":"https:\/\/www.realschule-altenwalde.de\/wordpress\/wp-json\/wp\/v2\/posts\/2860\/revisions"}],"predecessor-version":[{"id":2861,"href":"https:\/\/www.realschule-altenwalde.de\/wordpress\/wp-json\/wp\/v2\/posts\/2860\/revisions\/2861"}],"wp:attachment":[{"href":"https:\/\/www.realschule-altenwalde.de\/wordpress\/wp-json\/wp\/v2\/media?parent=2860"}],"wp:term":[{"taxonomy":"category","embeddable":true,"href":"https:\/\/www.realschule-altenwalde.de\/wordpress\/wp-json\/wp\/v2\/categories?post=2860"},{"taxonomy":"post_tag","embeddable":true,"href":"https:\/\/www.realschule-altenwalde.de\/wordpress\/wp-json\/wp\/v2\/tags?post=2860"}],"curies":[{"name":"wp","href":"https:\/\/api.w.org\/{rel}","templated":true}]}}