{"id":2826,"date":"2023-03-15T11:05:17","date_gmt":"2023-03-15T10:05:17","guid":{"rendered":"https:\/\/www.realschule-altenwalde.de\/wordpress\/?p=2826"},"modified":"2023-03-15T11:10:47","modified_gmt":"2023-03-15T10:10:47","slug":"kvg-streikt-fuer-mehr-lohn","status":"publish","type":"post","link":"https:\/\/www.realschule-altenwalde.de\/wordpress\/2023\/03\/15\/kvg-streikt-fuer-mehr-lohn\/","title":{"rendered":"KVG streikt f\u00fcr mehr Lohn"},"content":{"rendered":"<p>Wir von den ,,Scholli-News\u201c informieren euch heute was in der letzten Zeit mit den Busservice ,,KVG\u201c los war. In fast ganz Deutschland fuhren oftmals, in den letzten Wochen, keine Busse\u00a0 mehr. Der Grund daf\u00fcr sind Lohnstreike der Arbeitnehmer von der ,,KVG\u201c. Die Arbeitnehmer fordern eine Lohnerh\u00f6hung von rund 10%. Daf\u00fcr streikten sie in den folgenden Bundesl\u00e4nder:<\/p>\n<p><a href=\"https:\/\/www.realschule-altenwalde.de\/wordpress\/wp-content\/uploads\/2023\/03\/Bus-scaled.jpg\"><img loading=\"lazy\" class=\"size-medium wp-image-2827 alignleft\" src=\"https:\/\/www.realschule-altenwalde.de\/wordpress\/wp-content\/uploads\/2023\/03\/Bus-300x225.jpg\" alt=\"\" width=\"300\" height=\"225\" srcset=\"https:\/\/www.realschule-altenwalde.de\/wordpress\/wp-content\/uploads\/2023\/03\/Bus-300x225.jpg 300w, https:\/\/www.realschule-altenwalde.de\/wordpress\/wp-content\/uploads\/2023\/03\/Bus-1024x768.jpg 1024w, https:\/\/www.realschule-altenwalde.de\/wordpress\/wp-content\/uploads\/2023\/03\/Bus-768x576.jpg 768w, https:\/\/www.realschule-altenwalde.de\/wordpress\/wp-content\/uploads\/2023\/03\/Bus-1536x1152.jpg 1536w, https:\/\/www.realschule-altenwalde.de\/wordpress\/wp-content\/uploads\/2023\/03\/Bus-2048x1536.jpg 2048w, https:\/\/www.realschule-altenwalde.de\/wordpress\/wp-content\/uploads\/2023\/03\/Bus-750x563.jpg 750w, https:\/\/www.realschule-altenwalde.de\/wordpress\/wp-content\/uploads\/2023\/03\/Bus-100x75.jpg 100w\" sizes=\"(max-width: 300px) 100vw, 300px\" \/><\/a><\/p>\n<p><strong><em>Hessen, Nordrhein-Westfalen, Baden-W\u00fcrttemberg, Bayern, Sachsen, Niedersachsen und Rheinland-Pfalz.<\/em><\/strong><\/p>\n<p>Durch den Streik, der von Verdi verursacht wurde, mussten sogar Kitas und Schulen in ganz Deutschland darunter leiden. Da die Busse nicht fuhren, beschlossen sich viele Schulen und Kitas die Sch\u00fcler und Kinder zuhause zu lassen.<\/p>\n<p>Auch auf uns hatte es am Donnerstag, den 2. und Freitag, den 3.3.2023 Auswirkungen, da kein Bus fuhr. Die Kinder stiegen dann gezwungenerma\u00dfen aufs Fahrrad um oder wurden mit dem Auto zur Schule gebracht.<\/p>\n<p>Federf\u00fchrend ist die Gewerkschaft Verdi:<\/p>\n<p>Verdi ist eine deutsche Gewerkschaft mit Sitz in Berlin. Sie entstand im Jahr 2001 durch Zusammenschluss von f\u00fcnf Einzelgewerkschaften und ist Mitglied im Deutschen Gewerkschaftsbund. Mit etwa 1,9 Millionen Mitgliedern ist sie nach der IG Metall die zweitgr\u00f6\u00dfte deutsche Gewerkschaft. Sie setzten sich f\u00fcr ihre Mitglieder, ihre Rechte und im Arbeits- und Sozialrecht ein.<\/p>\n<p>Wir hoffen, dass das Streiken bald ein Ende hat und die Busse ohne Probleme wieder f\u00fcr die Kitas und Schulen bereit stehen.<\/p>\n<p>Eure Schollis<\/p>\n<p>&nbsp;<\/p>\n<p>Eure ,,Scholli-News\u201c<\/p>\n","protected":false},"excerpt":{"rendered":"<p>Wir von den ,,Scholli-News\u201c informieren euch heute was in der letzten Zeit mit den Busservice ,,KVG\u201c los war. In fast ganz Deutschland fuhren oftmals, in den letzten Wochen, keine Busse\u00a0 mehr. Der Grund daf\u00fcr sind Lohnstreike der Arbeitnehmer von der ,,KVG\u201c. Die Arbeitnehmer fordern eine Lohnerh\u00f6hung von rund 10%. Daf\u00fcr streikten sie in den folgenden &hellip; <\/p>\n<p><a class=\"more-link btn\" href=\"https:\/\/www.realschule-altenwalde.de\/wordpress\/2023\/03\/15\/kvg-streikt-fuer-mehr-lohn\/\">Weiterlesen<\/a><\/p>\n","protected":false},"author":6,"featured_media":0,"comment_status":"closed","ping_status":"closed","sticky":false,"template":"","format":"standard","meta":{"ngg_post_thumbnail":0},"categories":[22],"tags":[],"_links":{"self":[{"href":"https:\/\/www.realschule-altenwalde.de\/wordpress\/wp-json\/wp\/v2\/posts\/2826"}],"collection":[{"href":"https:\/\/www.realschule-altenwalde.de\/wordpress\/wp-json\/wp\/v2\/posts"}],"about":[{"href":"https:\/\/www.realschule-altenwalde.de\/wordpress\/wp-json\/wp\/v2\/types\/post"}],"author":[{"embeddable":true,"href":"https:\/\/www.realschule-altenwalde.de\/wordpress\/wp-json\/wp\/v2\/users\/6"}],"replies":[{"embeddable":true,"href":"https:\/\/www.realschule-altenwalde.de\/wordpress\/wp-json\/wp\/v2\/comments?post=2826"}],"version-history":[{"count":1,"href":"https:\/\/www.realschule-altenwalde.de\/wordpress\/wp-json\/wp\/v2\/posts\/2826\/revisions"}],"predecessor-version":[{"id":2828,"href":"https:\/\/www.realschule-altenwalde.de\/wordpress\/wp-json\/wp\/v2\/posts\/2826\/revisions\/2828"}],"wp:attachment":[{"href":"https:\/\/www.realschule-altenwalde.de\/wordpress\/wp-json\/wp\/v2\/media?parent=2826"}],"wp:term":[{"taxonomy":"category","embeddable":true,"href":"https:\/\/www.realschule-altenwalde.de\/wordpress\/wp-json\/wp\/v2\/categories?post=2826"},{"taxonomy":"post_tag","embeddable":true,"href":"https:\/\/www.realschule-altenwalde.de\/wordpress\/wp-json\/wp\/v2\/tags?post=2826"}],"curies":[{"name":"wp","href":"https:\/\/api.w.org\/{rel}","templated":true}]}}