{"id":2824,"date":"2023-03-15T10:57:34","date_gmt":"2023-03-15T09:57:34","guid":{"rendered":"https:\/\/www.realschule-altenwalde.de\/wordpress\/?p=2824"},"modified":"2023-03-16T15:11:28","modified_gmt":"2023-03-16T14:11:28","slug":"projektwoche-an-der-gss","status":"publish","type":"post","link":"https:\/\/www.realschule-altenwalde.de\/wordpress\/2023\/03\/15\/projektwoche-an-der-gss\/","title":{"rendered":"Projektwoche an der GSS"},"content":{"rendered":"<p>Im letzten Bericht \u00fcber die Projektwoche wurde im Allgemeinen dar\u00fcber geschrieben, was alle Klassen gemacht haben. In diesem Bericht berichte ich insbesondere \u00fcber die 10D.<\/p>\n<p><a href=\"https:\/\/www.realschule-altenwalde.de\/wordpress\/wp-content\/uploads\/2023\/03\/101.jpg\"><img loading=\"lazy\" class=\"size-medium wp-image-2840 alignleft\" src=\"https:\/\/www.realschule-altenwalde.de\/wordpress\/wp-content\/uploads\/2023\/03\/101-300x194.jpg\" alt=\"\" width=\"300\" height=\"194\" srcset=\"https:\/\/www.realschule-altenwalde.de\/wordpress\/wp-content\/uploads\/2023\/03\/101-300x194.jpg 300w, https:\/\/www.realschule-altenwalde.de\/wordpress\/wp-content\/uploads\/2023\/03\/101-1024x663.jpg 1024w, https:\/\/www.realschule-altenwalde.de\/wordpress\/wp-content\/uploads\/2023\/03\/101-768x497.jpg 768w, https:\/\/www.realschule-altenwalde.de\/wordpress\/wp-content\/uploads\/2023\/03\/101-750x486.jpg 750w, https:\/\/www.realschule-altenwalde.de\/wordpress\/wp-content\/uploads\/2023\/03\/101-100x65.jpg 100w, https:\/\/www.realschule-altenwalde.de\/wordpress\/wp-content\/uploads\/2023\/03\/101.jpg 1280w\" sizes=\"(max-width: 300px) 100vw, 300px\" \/><\/a><\/p>\n<p>Die 10D war in zwei Gruppen aufgeteilt. Am Montag war die erste Gruppe blind und die andere Gruppe musste ihnen durch den Tag helfen, sie mussten blind fr\u00fchst\u00fccken, Bl\u00e4tter und andere Gegenst\u00e4nde aus der Natur suchen &#8211;\u00a0 daraus haben sie dann Buchstaben gestaltet.<\/p>\n<p>Am Dienstag war dann die andere Gruppe blind. Diese Gruppe musste sich dann durch den Stra\u00dfenverkehr bewegen, als sie \u00fcber die Ampeln ging fiel ihnen ein Piepen auf, das speziell f\u00fcr Blinde ist, damit sie wissen, wann die Ampel gr\u00fcn ist.<\/p>\n<p>Nachdem sie denn Stra\u00dfenverkehr gemeistert haben, sollten sie sich mit einem Apfel und einem Ei, reich tauschen<\/p>\n<p><a href=\"https:\/\/www.realschule-altenwalde.de\/wordpress\/wp-content\/uploads\/2023\/03\/Blind2-scaled.jpg\"><img loading=\"lazy\" class=\"size-medium wp-image-2842 alignleft\" src=\"https:\/\/www.realschule-altenwalde.de\/wordpress\/wp-content\/uploads\/2023\/03\/Blind2-300x145.jpg\" alt=\"\" width=\"300\" height=\"145\" srcset=\"https:\/\/www.realschule-altenwalde.de\/wordpress\/wp-content\/uploads\/2023\/03\/Blind2-300x145.jpg 300w, https:\/\/www.realschule-altenwalde.de\/wordpress\/wp-content\/uploads\/2023\/03\/Blind2-1024x496.jpg 1024w, https:\/\/www.realschule-altenwalde.de\/wordpress\/wp-content\/uploads\/2023\/03\/Blind2-768x372.jpg 768w, https:\/\/www.realschule-altenwalde.de\/wordpress\/wp-content\/uploads\/2023\/03\/Blind2-1536x743.jpg 1536w, https:\/\/www.realschule-altenwalde.de\/wordpress\/wp-content\/uploads\/2023\/03\/Blind2-2048x991.jpg 2048w, https:\/\/www.realschule-altenwalde.de\/wordpress\/wp-content\/uploads\/2023\/03\/Blind2-750x363.jpg 750w, https:\/\/www.realschule-altenwalde.de\/wordpress\/wp-content\/uploads\/2023\/03\/Blind2-100x48.jpg 100w\" sizes=\"(max-width: 300px) 100vw, 300px\" \/><\/a><\/p>\n<p>Am Mittwoch waren sie nicht mehr blind, da waren sie in der Stadt und mussten Menschen motivieren ein Foto mit ihnen zu machen. Die Menschen die mit gemacht haben, bekamen ein Schild in die Hand das sie hochhalten sollten. Mit den Personen, die sie begeistern konnten, haben sie dann ein Foto gemacht.<\/p>\n<p><a href=\"https:\/\/www.realschule-altenwalde.de\/wordpress\/wp-content\/uploads\/2023\/03\/Blind1.jpg\"><img loading=\"lazy\" class=\"size-medium wp-image-2843 aligncenter\" src=\"https:\/\/www.realschule-altenwalde.de\/wordpress\/wp-content\/uploads\/2023\/03\/Blind1-300x178.jpg\" alt=\"\" width=\"300\" height=\"178\" srcset=\"https:\/\/www.realschule-altenwalde.de\/wordpress\/wp-content\/uploads\/2023\/03\/Blind1-300x178.jpg 300w, https:\/\/www.realschule-altenwalde.de\/wordpress\/wp-content\/uploads\/2023\/03\/Blind1-1024x609.jpg 1024w, https:\/\/www.realschule-altenwalde.de\/wordpress\/wp-content\/uploads\/2023\/03\/Blind1-768x456.jpg 768w, https:\/\/www.realschule-altenwalde.de\/wordpress\/wp-content\/uploads\/2023\/03\/Blind1-1536x913.jpg 1536w, https:\/\/www.realschule-altenwalde.de\/wordpress\/wp-content\/uploads\/2023\/03\/Blind1-750x446.jpg 750w, https:\/\/www.realschule-altenwalde.de\/wordpress\/wp-content\/uploads\/2023\/03\/Blind1-100x59.jpg 100w, https:\/\/www.realschule-altenwalde.de\/wordpress\/wp-content\/uploads\/2023\/03\/Blind1.jpg 1918w\" sizes=\"(max-width: 300px) 100vw, 300px\" \/><\/a><\/p>\n","protected":false},"excerpt":{"rendered":"<p>Im letzten Bericht \u00fcber die Projektwoche wurde im Allgemeinen dar\u00fcber geschrieben, was alle Klassen gemacht haben. In diesem Bericht berichte ich insbesondere \u00fcber die 10D. Die 10D war in zwei Gruppen aufgeteilt. Am Montag war die erste Gruppe blind und die andere Gruppe musste ihnen durch den Tag helfen, sie mussten blind fr\u00fchst\u00fccken, Bl\u00e4tter und &hellip; <\/p>\n<p><a class=\"more-link btn\" href=\"https:\/\/www.realschule-altenwalde.de\/wordpress\/2023\/03\/15\/projektwoche-an-der-gss\/\">Weiterlesen<\/a><\/p>\n","protected":false},"author":6,"featured_media":0,"comment_status":"closed","ping_status":"closed","sticky":false,"template":"","format":"standard","meta":{"ngg_post_thumbnail":0},"categories":[22],"tags":[],"_links":{"self":[{"href":"https:\/\/www.realschule-altenwalde.de\/wordpress\/wp-json\/wp\/v2\/posts\/2824"}],"collection":[{"href":"https:\/\/www.realschule-altenwalde.de\/wordpress\/wp-json\/wp\/v2\/posts"}],"about":[{"href":"https:\/\/www.realschule-altenwalde.de\/wordpress\/wp-json\/wp\/v2\/types\/post"}],"author":[{"embeddable":true,"href":"https:\/\/www.realschule-altenwalde.de\/wordpress\/wp-json\/wp\/v2\/users\/6"}],"replies":[{"embeddable":true,"href":"https:\/\/www.realschule-altenwalde.de\/wordpress\/wp-json\/wp\/v2\/comments?post=2824"}],"version-history":[{"count":3,"href":"https:\/\/www.realschule-altenwalde.de\/wordpress\/wp-json\/wp\/v2\/posts\/2824\/revisions"}],"predecessor-version":[{"id":2844,"href":"https:\/\/www.realschule-altenwalde.de\/wordpress\/wp-json\/wp\/v2\/posts\/2824\/revisions\/2844"}],"wp:attachment":[{"href":"https:\/\/www.realschule-altenwalde.de\/wordpress\/wp-json\/wp\/v2\/media?parent=2824"}],"wp:term":[{"taxonomy":"category","embeddable":true,"href":"https:\/\/www.realschule-altenwalde.de\/wordpress\/wp-json\/wp\/v2\/categories?post=2824"},{"taxonomy":"post_tag","embeddable":true,"href":"https:\/\/www.realschule-altenwalde.de\/wordpress\/wp-json\/wp\/v2\/tags?post=2824"}],"curies":[{"name":"wp","href":"https:\/\/api.w.org\/{rel}","templated":true}]}}