{"id":2816,"date":"2023-03-08T11:21:32","date_gmt":"2023-03-08T10:21:32","guid":{"rendered":"https:\/\/www.realschule-altenwalde.de\/wordpress\/?p=2816"},"modified":"2023-03-08T11:23:18","modified_gmt":"2023-03-08T10:23:18","slug":"unser-kuesten-kiosk","status":"publish","type":"post","link":"https:\/\/www.realschule-altenwalde.de\/wordpress\/2023\/03\/08\/unser-kuesten-kiosk\/","title":{"rendered":"Unser K\u00fcstenkiosk"},"content":{"rendered":"<p>&nbsp;<\/p>\n<p><a href=\"https:\/\/www.realschule-altenwalde.de\/wordpress\/wp-content\/uploads\/2023\/03\/Kuestenkiosk.jpg\"><img loading=\"lazy\" class=\" wp-image-2817 alignleft\" src=\"https:\/\/www.realschule-altenwalde.de\/wordpress\/wp-content\/uploads\/2023\/03\/Kuestenkiosk-169x300.jpg\" alt=\"\" width=\"180\" height=\"320\" srcset=\"https:\/\/www.realschule-altenwalde.de\/wordpress\/wp-content\/uploads\/2023\/03\/Kuestenkiosk-169x300.jpg 169w, https:\/\/www.realschule-altenwalde.de\/wordpress\/wp-content\/uploads\/2023\/03\/Kuestenkiosk-576x1024.jpg 576w, https:\/\/www.realschule-altenwalde.de\/wordpress\/wp-content\/uploads\/2023\/03\/Kuestenkiosk-768x1365.jpg 768w, https:\/\/www.realschule-altenwalde.de\/wordpress\/wp-content\/uploads\/2023\/03\/Kuestenkiosk-864x1536.jpg 864w, https:\/\/www.realschule-altenwalde.de\/wordpress\/wp-content\/uploads\/2023\/03\/Kuestenkiosk-750x1333.jpg 750w, https:\/\/www.realschule-altenwalde.de\/wordpress\/wp-content\/uploads\/2023\/03\/Kuestenkiosk-56x100.jpg 56w, https:\/\/www.realschule-altenwalde.de\/wordpress\/wp-content\/uploads\/2023\/03\/Kuestenkiosk.jpg 1080w\" sizes=\"(max-width: 180px) 100vw, 180px\" \/><\/a><\/p>\n<p>Hallo liebe Schollis, wir wollen euch mit diesem Bericht auf unseren K\u00fcstenkiosk aufmerksam machen.<br \/>\nDer K\u00fcstenkiosk, unsere Sch\u00fclerfirma, besteht aus 22 Sch\u00fcler*innen des 9. Jahrgangs.<br \/>\nDer K\u00fcstenkiosk findet jeden Dienstag in der ersten gro\u00dfen Pause statt. Die\u00a0 Sch\u00fcler*innen fertigen die Br\u00f6tchen in der Mensa an und werden unter den vorausgesetzten Hygienebedingungen angefertigt. Die Br\u00f6tchen, die sie verkaufen sind belegt mit Salat, Remoulade, Salami oder K\u00e4se und zwei Scheiben Gurken.<\/p>\n<p>Die Br\u00f6tchen bekommen sie durch die Kooperation mit Netto, dadurch kann kommt der attraktive Preis von 1,50\u20ac zustande. Die Br\u00f6tchen kommen sehr gut bei den Sch\u00fcler*innen an, welches wir als Feedback einholt haben.<\/p>\n<p>Der Wahlpflichtkurs wird von Frau Kozlik und Herrn Heuer geleitet. Dabei \u00fcbertragen sie den Sch\u00fcler*innen nicht nur die Aufgaben, Produktion und den Verkauf\u00a0 sondern auch das Verwalten der Finanzen ebenso wie die Gestaltung des Kiosks. Der sogenannte \u201eK\u00fcstenkiosk\u201c liegt in der Pausenhalle und so k\u00f6nnen k\u00fcnftig die 9. und 10. Kl\u00e4ssler in der Pausenhalle ihre Br\u00f6tchen kaufen.\u00a0 F\u00fcr alle anderen Sch\u00fcler*innen wird weiterhin auf dem oberen und unteren Schulhof weiterhin einen Verkaufsstand geben.<\/p>\n<p>Wir freuen uns jede Woche \u00fcber die leckeren Br\u00f6tchen! \ud83d\ude09<\/p>\n<p>Eure Scholli-News<\/p>\n","protected":false},"excerpt":{"rendered":"<p>&nbsp; Hallo liebe Schollis, wir wollen euch mit diesem Bericht auf unseren K\u00fcstenkiosk aufmerksam machen. Der K\u00fcstenkiosk, unsere Sch\u00fclerfirma, besteht aus 22 Sch\u00fcler*innen des 9. Jahrgangs. Der K\u00fcstenkiosk findet jeden Dienstag in der ersten gro\u00dfen Pause statt. Die\u00a0 Sch\u00fcler*innen fertigen die Br\u00f6tchen in der Mensa an und werden unter den vorausgesetzten Hygienebedingungen angefertigt. Die Br\u00f6tchen, &hellip; <\/p>\n<p><a class=\"more-link btn\" href=\"https:\/\/www.realschule-altenwalde.de\/wordpress\/2023\/03\/08\/unser-kuesten-kiosk\/\">Weiterlesen<\/a><\/p>\n","protected":false},"author":6,"featured_media":0,"comment_status":"closed","ping_status":"closed","sticky":false,"template":"","format":"standard","meta":{"ngg_post_thumbnail":0},"categories":[14,22],"tags":[],"_links":{"self":[{"href":"https:\/\/www.realschule-altenwalde.de\/wordpress\/wp-json\/wp\/v2\/posts\/2816"}],"collection":[{"href":"https:\/\/www.realschule-altenwalde.de\/wordpress\/wp-json\/wp\/v2\/posts"}],"about":[{"href":"https:\/\/www.realschule-altenwalde.de\/wordpress\/wp-json\/wp\/v2\/types\/post"}],"author":[{"embeddable":true,"href":"https:\/\/www.realschule-altenwalde.de\/wordpress\/wp-json\/wp\/v2\/users\/6"}],"replies":[{"embeddable":true,"href":"https:\/\/www.realschule-altenwalde.de\/wordpress\/wp-json\/wp\/v2\/comments?post=2816"}],"version-history":[{"count":2,"href":"https:\/\/www.realschule-altenwalde.de\/wordpress\/wp-json\/wp\/v2\/posts\/2816\/revisions"}],"predecessor-version":[{"id":2820,"href":"https:\/\/www.realschule-altenwalde.de\/wordpress\/wp-json\/wp\/v2\/posts\/2816\/revisions\/2820"}],"wp:attachment":[{"href":"https:\/\/www.realschule-altenwalde.de\/wordpress\/wp-json\/wp\/v2\/media?parent=2816"}],"wp:term":[{"taxonomy":"category","embeddable":true,"href":"https:\/\/www.realschule-altenwalde.de\/wordpress\/wp-json\/wp\/v2\/categories?post=2816"},{"taxonomy":"post_tag","embeddable":true,"href":"https:\/\/www.realschule-altenwalde.de\/wordpress\/wp-json\/wp\/v2\/tags?post=2816"}],"curies":[{"name":"wp","href":"https:\/\/api.w.org\/{rel}","templated":true}]}}