{"id":2790,"date":"2023-02-23T15:43:25","date_gmt":"2023-02-23T14:43:25","guid":{"rendered":"https:\/\/www.realschule-altenwalde.de\/wordpress\/?p=2790"},"modified":"2023-02-24T12:39:24","modified_gmt":"2023-02-24T11:39:24","slug":"projekttage-zum-80-todestag-der-geschwister-scholl","status":"publish","type":"post","link":"https:\/\/www.realschule-altenwalde.de\/wordpress\/2023\/02\/23\/projekttage-zum-80-todestag-der-geschwister-scholl\/","title":{"rendered":"Projekttage zum 80. Todestag der Geschwister Scholl"},"content":{"rendered":"<p>Vom 20.02.2023 bis zum 22.02.2023 fanden an unserer Schule Projekttage zum 80. Todestag der Geschwister Scholl statt. Die Schule einigte sich auf das Thema \u201eDie W\u00fcrde des Menschen ist unantastbar!\u201c. In den Klassen fanden unterschiedliche Projekte statt, diese wurden von den jeweiligen Klassenlehrkr\u00e4ften geleitet. Die Lehrer*innen und Sch\u00fcler*innen arbeiteten gemeinsam an den Projekten.<\/p>\n<p><a href=\"https:\/\/www.realschule-altenwalde.de\/wordpress\/wp-content\/uploads\/2023\/02\/BildDie-wuerde.jpg\"><img loading=\"lazy\" class=\"aligncenter size-medium wp-image-2797\" src=\"https:\/\/www.realschule-altenwalde.de\/wordpress\/wp-content\/uploads\/2023\/02\/BildDie-wuerde-300x142.jpg\" alt=\"\" width=\"300\" height=\"142\" srcset=\"https:\/\/www.realschule-altenwalde.de\/wordpress\/wp-content\/uploads\/2023\/02\/BildDie-wuerde-300x142.jpg 300w, https:\/\/www.realschule-altenwalde.de\/wordpress\/wp-content\/uploads\/2023\/02\/BildDie-wuerde-1024x486.jpg 1024w, https:\/\/www.realschule-altenwalde.de\/wordpress\/wp-content\/uploads\/2023\/02\/BildDie-wuerde-768x365.jpg 768w, https:\/\/www.realschule-altenwalde.de\/wordpress\/wp-content\/uploads\/2023\/02\/BildDie-wuerde-1536x729.jpg 1536w, https:\/\/www.realschule-altenwalde.de\/wordpress\/wp-content\/uploads\/2023\/02\/BildDie-wuerde-750x356.jpg 750w, https:\/\/www.realschule-altenwalde.de\/wordpress\/wp-content\/uploads\/2023\/02\/BildDie-wuerde-100x47.jpg 100w, https:\/\/www.realschule-altenwalde.de\/wordpress\/wp-content\/uploads\/2023\/02\/BildDie-wuerde.jpg 1776w\" sizes=\"(max-width: 300px) 100vw, 300px\" \/><\/a><\/p>\n<p><a href=\"https:\/\/www.realschule-altenwalde.de\/wordpress\/wp-content\/uploads\/2023\/02\/P6-scaled.jpeg\"><img loading=\"lazy\" class=\"size-medium wp-image-2791 alignleft\" src=\"https:\/\/www.realschule-altenwalde.de\/wordpress\/wp-content\/uploads\/2023\/02\/P6-300x225.jpeg\" alt=\"\" width=\"300\" height=\"225\" srcset=\"https:\/\/www.realschule-altenwalde.de\/wordpress\/wp-content\/uploads\/2023\/02\/P6-300x225.jpeg 300w, https:\/\/www.realschule-altenwalde.de\/wordpress\/wp-content\/uploads\/2023\/02\/P6-1024x768.jpeg 1024w, https:\/\/www.realschule-altenwalde.de\/wordpress\/wp-content\/uploads\/2023\/02\/P6-768x576.jpeg 768w, https:\/\/www.realschule-altenwalde.de\/wordpress\/wp-content\/uploads\/2023\/02\/P6-1536x1152.jpeg 1536w, https:\/\/www.realschule-altenwalde.de\/wordpress\/wp-content\/uploads\/2023\/02\/P6-2048x1536.jpeg 2048w, https:\/\/www.realschule-altenwalde.de\/wordpress\/wp-content\/uploads\/2023\/02\/P6-750x563.jpeg 750w, https:\/\/www.realschule-altenwalde.de\/wordpress\/wp-content\/uploads\/2023\/02\/P6-100x75.jpeg 100w\" sizes=\"(max-width: 300px) 100vw, 300px\" \/><\/a><\/p>\n<p><strong>Die Themen, der einzelnen Klassen seht ihr unten!<\/strong><\/p>\n<p>Die Klassenlehrer*innen des 5. Jahrgangs haben sich zusammengesetzt und recherchiert, um gemeinsam drei passende Themen f\u00fcr ihre Klassen zu finden. Als wir die Lehrer fragten, welche Erwartungen sie h\u00e4tten, erwiderten sie sich zu erhoffen, dass es bei den Sch\u00fcler*innen keine Ausgrenzung oder andere schlechte Behandlung von Mitmenschen gibt, dass sie keine Vorurteile haben, dass sie mutiger werden sowie selbstbewusster und vor allem, dass sie Spa\u00df an den Projekten haben. Sie sind der Meinung, die Umsetzung w\u00fcrde\u00a0 etwas zu viel fordern, w\u00e4re aber trotzdem gut. Bei den Lernerfolgen hofften die Lehrer*innen, dass es zur St\u00e4rkung der Pers\u00f6nlichkeit kommt und dass es mehr Toleranz geben wird. Au\u00dferdem ist ihnen auch die Einhaltung der Goldenen Regeln und die Akzeptanz von anderen wichtig.<\/p>\n<p>Der 6. Jahrgang mit Herrn Christiansen, Frau Meyer und Frau Lorenz besch\u00e4ftigte sich mit den Themen \u201eSteck mal in meiner Haut\u201c. Dort ging es um Rassismus und Diskriminierung. Au\u00dferdem um das Thema \u201eAugen aufs Mobile\u201c. Herr Christiansen hat sich, da er damals in einer Behinderten-Werkstatt gearbeitet hat, f\u00fcr das Thema: \u201eMenschen mit Behinderungen\u201c entschieden.<\/p>\n<p><a href=\"https:\/\/www.realschule-altenwalde.de\/wordpress\/wp-content\/uploads\/2023\/02\/Sexualitaet-scaled.jpg\"><img loading=\"lazy\" class=\"aligncenter size-medium wp-image-2799\" src=\"https:\/\/www.realschule-altenwalde.de\/wordpress\/wp-content\/uploads\/2023\/02\/Sexualitaet-300x144.jpg\" alt=\"\" width=\"300\" height=\"144\" srcset=\"https:\/\/www.realschule-altenwalde.de\/wordpress\/wp-content\/uploads\/2023\/02\/Sexualitaet-300x144.jpg 300w, https:\/\/www.realschule-altenwalde.de\/wordpress\/wp-content\/uploads\/2023\/02\/Sexualitaet-1024x490.jpg 1024w, https:\/\/www.realschule-altenwalde.de\/wordpress\/wp-content\/uploads\/2023\/02\/Sexualitaet-768x368.jpg 768w, https:\/\/www.realschule-altenwalde.de\/wordpress\/wp-content\/uploads\/2023\/02\/Sexualitaet-1536x736.jpg 1536w, https:\/\/www.realschule-altenwalde.de\/wordpress\/wp-content\/uploads\/2023\/02\/Sexualitaet-2048x981.jpg 2048w, https:\/\/www.realschule-altenwalde.de\/wordpress\/wp-content\/uploads\/2023\/02\/Sexualitaet-750x359.jpg 750w, https:\/\/www.realschule-altenwalde.de\/wordpress\/wp-content\/uploads\/2023\/02\/Sexualitaet-100x48.jpg 100w\" sizes=\"(max-width: 300px) 100vw, 300px\" \/><\/a><\/p>\n<p><a href=\"https:\/\/www.realschule-altenwalde.de\/wordpress\/wp-content\/uploads\/2023\/02\/Projekekt1-scaled.jpeg\"><img loading=\"lazy\" class=\"size-medium wp-image-2792 alignright\" src=\"https:\/\/www.realschule-altenwalde.de\/wordpress\/wp-content\/uploads\/2023\/02\/Projekekt1-225x300.jpeg\" alt=\"\" width=\"225\" height=\"300\" srcset=\"https:\/\/www.realschule-altenwalde.de\/wordpress\/wp-content\/uploads\/2023\/02\/Projekekt1-225x300.jpeg 225w, https:\/\/www.realschule-altenwalde.de\/wordpress\/wp-content\/uploads\/2023\/02\/Projekekt1-768x1024.jpeg 768w, https:\/\/www.realschule-altenwalde.de\/wordpress\/wp-content\/uploads\/2023\/02\/Projekekt1-1152x1536.jpeg 1152w, https:\/\/www.realschule-altenwalde.de\/wordpress\/wp-content\/uploads\/2023\/02\/Projekekt1-1536x2048.jpeg 1536w, https:\/\/www.realschule-altenwalde.de\/wordpress\/wp-content\/uploads\/2023\/02\/Projekekt1-750x1000.jpeg 750w, https:\/\/www.realschule-altenwalde.de\/wordpress\/wp-content\/uploads\/2023\/02\/Projekekt1-75x100.jpeg 75w, https:\/\/www.realschule-altenwalde.de\/wordpress\/wp-content\/uploads\/2023\/02\/Projekekt1-scaled.jpeg 1920w\" sizes=\"(max-width: 225px) 100vw, 225px\" \/><\/a><\/p>\n<p>Als wir die Lehrer des 7. Jahrgangs interviewten und gefragt haben, wie die Lehrer*innen auf das Thema gekommen sind, antworten diese, dass es wichtig sei \u00fcber das Thema \u201eMenschenw\u00fcrde\u201c Bescheid zu wissen. Herr Behrens kam auf sein Projekt, durch den Vorfall von George Floyd und durch Martin Luther King. Bei einigen Klassen erfolgt die Vorstellung der Projekte in Form eines Plakates. Als Lernerfolg wird Empathie und R\u00fccksicht angestrebt.<\/p>\n<p>Beim 8. Jahrgang mit Herrn Bohlen, Frau Rose, Frau Fischer und Frau Wittkopf ging es um die Themen \u201eDie W\u00fcrde des Menschen\u201c. Diese sollte in Symbolen dargestellt werden. Au\u00dferdem ging es um Vorurteile und Respekt, dabei sollten Vorurteile gekl\u00e4rt und Freundschaften gekn\u00fcpft werden. Unter anderem wurde sich mit Menschenrechtler*innen besch\u00e4ftigt. Dort wurde Schablonengraffiti eingesetzt. Dabei sollten sich die Sch\u00fcler*innen gegenseitig unterst\u00fctzen.<\/p>\n<p><a href=\"https:\/\/www.realschule-altenwalde.de\/wordpress\/wp-content\/uploads\/2023\/02\/Graffitti-scaled.jpg\"><img loading=\"lazy\" class=\"aligncenter size-medium wp-image-2800\" src=\"https:\/\/www.realschule-altenwalde.de\/wordpress\/wp-content\/uploads\/2023\/02\/Graffitti-300x135.jpg\" alt=\"\" width=\"300\" height=\"135\" srcset=\"https:\/\/www.realschule-altenwalde.de\/wordpress\/wp-content\/uploads\/2023\/02\/Graffitti-300x135.jpg 300w, https:\/\/www.realschule-altenwalde.de\/wordpress\/wp-content\/uploads\/2023\/02\/Graffitti-1024x461.jpg 1024w, https:\/\/www.realschule-altenwalde.de\/wordpress\/wp-content\/uploads\/2023\/02\/Graffitti-768x346.jpg 768w, https:\/\/www.realschule-altenwalde.de\/wordpress\/wp-content\/uploads\/2023\/02\/Graffitti-1536x692.jpg 1536w, https:\/\/www.realschule-altenwalde.de\/wordpress\/wp-content\/uploads\/2023\/02\/Graffitti-2048x922.jpg 2048w, https:\/\/www.realschule-altenwalde.de\/wordpress\/wp-content\/uploads\/2023\/02\/Graffitti-750x338.jpg 750w, https:\/\/www.realschule-altenwalde.de\/wordpress\/wp-content\/uploads\/2023\/02\/Graffitti-100x45.jpg 100w\" sizes=\"(max-width: 300px) 100vw, 300px\" \/><\/a><\/p>\n<p>Au\u00dferdem besch\u00e4ftigte sich eine Klasse mit dem Thema Zivilcourage. Es ging unter anderem um Gruppenzwang und Anpassung an andere Menschen.<\/p>\n<p><!--more--><\/p>\n<p>Die Lehrer des 9. Jahrgangs wollten mit den Projekten das Spektrum vergr\u00f6\u00dfern, Widerstand zeigen und haben diese Themen auch durch eigenes Interesse gew\u00e4hlt. Einige Klassen erstellten Powerpoints, andere Videos.<\/p>\n<p>Des Weiteren hat der 9. Jahrgang vor einigen Wochen an einem Schreibprojekt teilgenommen. Das dabei entstandene Buch wurde am 22.02.2023 bei der Gedenkfeier vorgestellt (wir berichten dazu demn\u00e4chst).<\/p>\n<p>Die 10a besuchte am 20.02.2023 das Kinderhospiz in Cuxhaven, wor\u00fcber ebenso ein separater Artikel verfasst wird.<\/p>\n<p><a href=\"https:\/\/www.realschule-altenwalde.de\/wordpress\/wp-content\/uploads\/2023\/02\/P4-scaled.jpeg\"><img loading=\"lazy\" class=\"aligncenter size-medium wp-image-2794\" src=\"https:\/\/www.realschule-altenwalde.de\/wordpress\/wp-content\/uploads\/2023\/02\/P4-300x225.jpeg\" alt=\"\" width=\"300\" height=\"225\" srcset=\"https:\/\/www.realschule-altenwalde.de\/wordpress\/wp-content\/uploads\/2023\/02\/P4-300x225.jpeg 300w, https:\/\/www.realschule-altenwalde.de\/wordpress\/wp-content\/uploads\/2023\/02\/P4-1024x768.jpeg 1024w, https:\/\/www.realschule-altenwalde.de\/wordpress\/wp-content\/uploads\/2023\/02\/P4-768x576.jpeg 768w, https:\/\/www.realschule-altenwalde.de\/wordpress\/wp-content\/uploads\/2023\/02\/P4-1536x1152.jpeg 1536w, https:\/\/www.realschule-altenwalde.de\/wordpress\/wp-content\/uploads\/2023\/02\/P4-2048x1536.jpeg 2048w, https:\/\/www.realschule-altenwalde.de\/wordpress\/wp-content\/uploads\/2023\/02\/P4-750x563.jpeg 750w, https:\/\/www.realschule-altenwalde.de\/wordpress\/wp-content\/uploads\/2023\/02\/P4-100x75.jpeg 100w\" sizes=\"(max-width: 300px) 100vw, 300px\" \/><\/a><\/p>\n<p>Die 10d von Herrn von Geisau hatte sich mit dem Thema \u201eAufeinander zugehen\u201c befasst. Das Ziel dieses Projektes war es, dass die Sch\u00fcler*innen erfahren, wie es ist blind zu sein und wie es sich anf\u00fchlt, wenn die eigene W\u00fcrde gekr\u00e4nkt wird. Des Weiteren wurde eine Aufgabe gestellt, welche nur als Gruppe gel\u00f6st werden konnte. Gegebenenfalls soll das Ganze auf ein Fotobanner hinauslaufen, welches dann aufgeh\u00e4ngt werden soll. \u201eDie Sch\u00fcler*innen sind im Gro\u00dfen und Ganzen motiviert, auch wenn sich einige schwertun das durchzuhalten\u201c, so Herrn von Geisau.<\/p>\n<p>Wir haben nat\u00fcrlich auch einige Sch\u00fcler*innen befragt.<\/p>\n<p>Den Ergebnissen der zahlreichen Interviews kann man entnehmen, dass sich die Sch\u00fcler*innen auf die Projekttage gefreut haben. Zum Einen, da sie neue Dinge lernen konnten, aber auch, weil sie keinen planm\u00e4\u00dfigen Unterricht machen mussten. Aus diesem Grund arbeiteten sie meistens mit gro\u00dfer Motivation und w\u00fcrden sich freuen, wenn \u00f6fter Projekttage, neben dem \u201enormalen\u201c Unterricht, stattfinden w\u00fcrden.<\/p>\n<p>Da es uns auch interessiert hat, welche Aufgaben Frau Sommer bzw. die Schulleitung bei der Planung hatte, haben wir sie befragt.<\/p>\n<p>Als wir Frau Sommer fragten, welche Aufgaben bei dem Projekt zu ihr geh\u00f6rten, antwortete sie uns, dass sie gemeinsam mit Frau Stache, Frau Andres und Herrn Kausch den 9. Jahrgang bei einem ganz besonderen Projekt begleitet und Hilfestellungen gegeben hat. Die 9. Klassen haben n\u00e4mlich zusammen ein Buch gestaltet und Frau Sommer nahm Kontakt zur Presse auf (Cuxhavener Nachrichten). Weil es der 80. Todestag der Geschwister Scholl war, wurde die ganze Schule mit ins Boot geholt.<\/p>\n<p><a href=\"https:\/\/www.realschule-altenwalde.de\/wordpress\/wp-content\/uploads\/2023\/02\/Buchvorstellung-scaled.jpg\"><img loading=\"lazy\" class=\"aligncenter size-medium wp-image-2795\" src=\"https:\/\/www.realschule-altenwalde.de\/wordpress\/wp-content\/uploads\/2023\/02\/Buchvorstellung-300x200.jpg\" alt=\"\" width=\"300\" height=\"200\" srcset=\"https:\/\/www.realschule-altenwalde.de\/wordpress\/wp-content\/uploads\/2023\/02\/Buchvorstellung-300x200.jpg 300w, https:\/\/www.realschule-altenwalde.de\/wordpress\/wp-content\/uploads\/2023\/02\/Buchvorstellung-1024x683.jpg 1024w, https:\/\/www.realschule-altenwalde.de\/wordpress\/wp-content\/uploads\/2023\/02\/Buchvorstellung-768x512.jpg 768w, https:\/\/www.realschule-altenwalde.de\/wordpress\/wp-content\/uploads\/2023\/02\/Buchvorstellung-1536x1024.jpg 1536w, https:\/\/www.realschule-altenwalde.de\/wordpress\/wp-content\/uploads\/2023\/02\/Buchvorstellung-2048x1365.jpg 2048w, https:\/\/www.realschule-altenwalde.de\/wordpress\/wp-content\/uploads\/2023\/02\/Buchvorstellung-750x500.jpg 750w, https:\/\/www.realschule-altenwalde.de\/wordpress\/wp-content\/uploads\/2023\/02\/Buchvorstellung-100x67.jpg 100w\" sizes=\"(max-width: 300px) 100vw, 300px\" \/><\/a><\/p>\n<p>Die Lehrer*innen durften sich die Projekte selber \u00fcberlegen, da Frau Sommer der Meinung ist, dass die Lehrer*innen besonders dahinterstehen, wenn Eigeninteresse besteht. Teilweise ist das Projekt sogar jahrgangs\u00fcbergreifend, also ein Rotationssystem. Sie hofft, dass bei diesem Projekt gewisse Werte und Normen, sowie ein gutes Miteinander und ein h\u00f6flicher Umgang entsteht. Au\u00dferdem hofft Frau Sommer auf Toleranz und Zivilcourage. Auf unsere Nachfrage nach den Geschwistern Scholl erwiderte sie, dass das Projekt ihr erneut\u00a0 gezeigt hat, dass Hans und Sophie Scholl zu deren Zeit sehr mutig gewesen sind, weil sie sich in ihrem jungen Alter bereits getraut haben, Widerstand zu zeigen, w\u00e4hrend wiederum andere geschwiegen haben. Sie meinte zudem, dass die Auflehnung gegen das NS-Regime der Geschwister gezeigt hat, dass man f\u00fcr Gerechtigkeit k\u00e4mpfen muss und dass man sich auch als kleine Gruppe in Erinnerung bringen kann. Der Begriff Zivilcourage ist an dieser Stelle ganz bedeutungsvoll!<\/p>\n<p>Alles in einem kann man mit gro\u00dfem Stolz sagen, dass das Projekt sehr gut gelungen ist. Es war f\u00fcr alle Sch\u00fcler*innen lehrreich und hat allen noch einmal gezeigt, wie wichtig es ist, die Vergangenheit in Erinnerung zu behalten. Den R\u00fcckmeldungen der Sch\u00fcler*innen nach zu urteilen, w\u00fcrden wir uns \u00f6fter derartige Projekte zu weiteren spannenden Themenbereichen w\u00fcnschen!<\/p>\n<p><strong><u>Themen:<\/u><\/strong><\/p>\n<p>5a: Konflikte friedlich l\u00f6sen<\/p>\n<p>5b: Selbstverteidigung\/ Kooperationsspiele<\/p>\n<p>5c: Toleranz\/ Friedvolles Miteinander<\/p>\n<p>6a: Rassismus und Diskriminierung<\/p>\n<p>6b: Augen auf! Mobile<\/p>\n<p>6c: Menschen mit Behinderung<\/p>\n<p>7a: LGBTQ<\/p>\n<p>7b: Diversit\u00e4t\/Vielfalt<\/p>\n<p>7c: Minderheit in der Geschichte<\/p>\n<p>8a: Symbolik<\/p>\n<p>8b: Vorurteil\/Respekt<\/p>\n<p>8c: Schablonen Graffiti<\/p>\n<p>8d: Zivilcourage<\/p>\n<p>9a: Stolpersteine<\/p>\n<p>9b: Widerstand im Reich<\/p>\n<p>9c: Powerpoint Geschwister Scholl<\/p>\n<p>10a: Kinderhospitz<\/p>\n<p>10b\/10c: Projektbegleitung<\/p>\n<p>10d: Aufeinander zugehen\/ City Bound<\/p>\n<p>Verfasst von Charlotte, Mathes, Lena, Marlon, Talina, Marissa, Karim und Thorge aus der 10b<\/p>\n","protected":false},"excerpt":{"rendered":"<p>Vom 20.02.2023 bis zum 22.02.2023 fanden an unserer Schule Projekttage zum 80. Todestag der Geschwister Scholl statt. Die Schule einigte sich auf das Thema \u201eDie W\u00fcrde des Menschen ist unantastbar!\u201c. In den Klassen fanden unterschiedliche Projekte statt, diese wurden von den jeweiligen Klassenlehrkr\u00e4ften geleitet. Die Lehrer*innen und Sch\u00fcler*innen arbeiteten gemeinsam an den Projekten. Die Themen, &hellip; <\/p>\n<p><a class=\"more-link btn\" href=\"https:\/\/www.realschule-altenwalde.de\/wordpress\/2023\/02\/23\/projekttage-zum-80-todestag-der-geschwister-scholl\/\">Weiterlesen<\/a><\/p>\n","protected":false},"author":6,"featured_media":0,"comment_status":"closed","ping_status":"closed","sticky":false,"template":"","format":"standard","meta":{"ngg_post_thumbnail":0},"categories":[14,22],"tags":[],"_links":{"self":[{"href":"https:\/\/www.realschule-altenwalde.de\/wordpress\/wp-json\/wp\/v2\/posts\/2790"}],"collection":[{"href":"https:\/\/www.realschule-altenwalde.de\/wordpress\/wp-json\/wp\/v2\/posts"}],"about":[{"href":"https:\/\/www.realschule-altenwalde.de\/wordpress\/wp-json\/wp\/v2\/types\/post"}],"author":[{"embeddable":true,"href":"https:\/\/www.realschule-altenwalde.de\/wordpress\/wp-json\/wp\/v2\/users\/6"}],"replies":[{"embeddable":true,"href":"https:\/\/www.realschule-altenwalde.de\/wordpress\/wp-json\/wp\/v2\/comments?post=2790"}],"version-history":[{"count":4,"href":"https:\/\/www.realschule-altenwalde.de\/wordpress\/wp-json\/wp\/v2\/posts\/2790\/revisions"}],"predecessor-version":[{"id":2803,"href":"https:\/\/www.realschule-altenwalde.de\/wordpress\/wp-json\/wp\/v2\/posts\/2790\/revisions\/2803"}],"wp:attachment":[{"href":"https:\/\/www.realschule-altenwalde.de\/wordpress\/wp-json\/wp\/v2\/media?parent=2790"}],"wp:term":[{"taxonomy":"category","embeddable":true,"href":"https:\/\/www.realschule-altenwalde.de\/wordpress\/wp-json\/wp\/v2\/categories?post=2790"},{"taxonomy":"post_tag","embeddable":true,"href":"https:\/\/www.realschule-altenwalde.de\/wordpress\/wp-json\/wp\/v2\/tags?post=2790"}],"curies":[{"name":"wp","href":"https:\/\/api.w.org\/{rel}","templated":true}]}}