{"id":2730,"date":"2022-12-07T11:07:55","date_gmt":"2022-12-07T10:07:55","guid":{"rendered":"https:\/\/www.realschule-altenwalde.de\/wordpress\/?p=2730"},"modified":"2022-12-07T11:07:55","modified_gmt":"2022-12-07T10:07:55","slug":"altenwalder-kaserne-in-brand","status":"publish","type":"post","link":"https:\/\/www.realschule-altenwalde.de\/wordpress\/2022\/12\/07\/altenwalder-kaserne-in-brand\/","title":{"rendered":"Altenwalder Kaserne in Brand"},"content":{"rendered":"<p>Wie einige von euch bestimmt schon mitbekommen haben, hat bereits Sonntagabend am 20.11.2022 ein LKW-Anh\u00e4nger direkt vor dem Eingang der Kaserne gebrannt.<br \/>\nAm Montagmorgen, am 21.11.2022 war eine Rauchkugel schon in der Dunkelheit von Weitem zu sehen. Die alte Unteroffiziersmesse auf dem Gel\u00e4nde der Hinrich-Wilhelm-Kopf-Kaserne in Altenwalde ist in Flammen aufgegangen. Grund f\u00fcr die Ermittlungen des Staatsschutzes ist, dass eine vors\u00e4tzliche Brandstiftung mit politischem Hintergrund nicht ausgeschlossen werden kann: Auf dem Gel\u00e4nde ist eine Unterkunft f\u00fcr Gefl\u00fcchtete geplant. Am 22.11. ist das Feuer wieder aufgeflammt. Hintergrund und Brandursache sind derzeit noch nicht bekannt.<\/p>\n<p>Aber wir, die Scholli News, werden euch weiterhin auf dem Laufenden halten.<\/p>\n","protected":false},"excerpt":{"rendered":"<p>Wie einige von euch bestimmt schon mitbekommen haben, hat bereits Sonntagabend am 20.11.2022 ein LKW-Anh\u00e4nger direkt vor dem Eingang der Kaserne gebrannt. Am Montagmorgen, am 21.11.2022 war eine Rauchkugel schon in der Dunkelheit von Weitem zu sehen. Die alte Unteroffiziersmesse auf dem Gel\u00e4nde der Hinrich-Wilhelm-Kopf-Kaserne in Altenwalde ist in Flammen aufgegangen. Grund f\u00fcr die Ermittlungen &hellip; <\/p>\n<p><a class=\"more-link btn\" href=\"https:\/\/www.realschule-altenwalde.de\/wordpress\/2022\/12\/07\/altenwalder-kaserne-in-brand\/\">Weiterlesen<\/a><\/p>\n","protected":false},"author":6,"featured_media":0,"comment_status":"closed","ping_status":"closed","sticky":false,"template":"","format":"standard","meta":{"ngg_post_thumbnail":0},"categories":[22],"tags":[],"_links":{"self":[{"href":"https:\/\/www.realschule-altenwalde.de\/wordpress\/wp-json\/wp\/v2\/posts\/2730"}],"collection":[{"href":"https:\/\/www.realschule-altenwalde.de\/wordpress\/wp-json\/wp\/v2\/posts"}],"about":[{"href":"https:\/\/www.realschule-altenwalde.de\/wordpress\/wp-json\/wp\/v2\/types\/post"}],"author":[{"embeddable":true,"href":"https:\/\/www.realschule-altenwalde.de\/wordpress\/wp-json\/wp\/v2\/users\/6"}],"replies":[{"embeddable":true,"href":"https:\/\/www.realschule-altenwalde.de\/wordpress\/wp-json\/wp\/v2\/comments?post=2730"}],"version-history":[{"count":1,"href":"https:\/\/www.realschule-altenwalde.de\/wordpress\/wp-json\/wp\/v2\/posts\/2730\/revisions"}],"predecessor-version":[{"id":2731,"href":"https:\/\/www.realschule-altenwalde.de\/wordpress\/wp-json\/wp\/v2\/posts\/2730\/revisions\/2731"}],"wp:attachment":[{"href":"https:\/\/www.realschule-altenwalde.de\/wordpress\/wp-json\/wp\/v2\/media?parent=2730"}],"wp:term":[{"taxonomy":"category","embeddable":true,"href":"https:\/\/www.realschule-altenwalde.de\/wordpress\/wp-json\/wp\/v2\/categories?post=2730"},{"taxonomy":"post_tag","embeddable":true,"href":"https:\/\/www.realschule-altenwalde.de\/wordpress\/wp-json\/wp\/v2\/tags?post=2730"}],"curies":[{"name":"wp","href":"https:\/\/api.w.org\/{rel}","templated":true}]}}