{"id":2721,"date":"2022-12-02T07:38:05","date_gmt":"2022-12-02T06:38:05","guid":{"rendered":"https:\/\/www.realschule-altenwalde.de\/wordpress\/?p=2721"},"modified":"2022-12-02T07:38:16","modified_gmt":"2022-12-02T06:38:16","slug":"buergergeld","status":"publish","type":"post","link":"https:\/\/www.realschule-altenwalde.de\/wordpress\/2022\/12\/02\/buergergeld\/","title":{"rendered":"B\u00fcrgergeld"},"content":{"rendered":"<p>Hallo liebe Schollis, ich werde heute \u00fcber das B\u00fcrgergeld schreiben, welches am 1.1.2023 eingef\u00fchrt wird. Ich werde die wichtigsten Fragen beantworten, dass ihr besser dar\u00fcber informiert wird.<\/p>\n<p>&nbsp;<\/p>\n<p><u>Warum nun B\u00fcrgergeld statt Hartz IV?<\/u><\/p>\n<p>Die Einf\u00fchrung des B\u00fcrgergelds anstelle des bisherigen Arbeitslosengelds II (Hartz IV) war ein Projekt der Ampelkoalition. Die Jobcenter sollen sich st\u00e4rker um Arbeitslose k\u00fcmmern k\u00f6nnen. Das neue B\u00fcrgergeld soll einen Schwerpunkt auf Qualifizierung und Weiterbildung setzen, um mehr Arbeitslose in dauerhafte Besch\u00e4ftigung anstatt in einfache Helferjobs vermitteln zu k\u00f6nnen.<\/p>\n<p><!--more--><\/p>\n<p><u>Wer hat Anspruch auf das neue B\u00fcrgergeld?<\/u><\/p>\n<p>Auch das neue B\u00fcrgergeld dient der Grundsicherung f\u00fcr Arbeitssuchende. Es soll sicherstellen, dass der Lebensbedarf gew\u00e4hrleistet ist. Wer bisher Anspruch auf Arbeitslosengeld II oder Sozialgeld hatte, wird auch k\u00fcnftig Anspruch auf B\u00fcrgergeld haben. Neue Antr\u00e4ge m\u00fcssen daf\u00fcr nicht gestellt werden. Aber grunds\u00e4tzlich muss auch das B\u00fcrgergeld beantragt werden.<\/p>\n<p>&nbsp;<\/p>\n<p><u>Ab wann wird das B\u00fcrgergeld ausgezahlt?<\/u><\/p>\n<p>Das B\u00fcrgergeld wird nun wie geplant zum 1. Januar 2023 eingef\u00fchrt und schrittweise umgesetzt. Einige Zus\u00e4tze des B\u00fcrgergelds greifen ab Juli 2023 ein. Darunter z\u00e4hlen etwa die erweiterten F\u00f6rderm\u00f6glichkeiten oder das Weiterbildungsgeld.<\/p>\n<p>&nbsp;<\/p>\n<h2><u>Welche Ersparnisse darf ich haben?<\/u><\/h2>\n<p>Betroffene d\u00fcrfen zudem k\u00fcnftig weniger selbst angespartes Geld behalten als zun\u00e4chst geplant. Es liegt bei k\u00fcnftig 40.000 Euro. F\u00fcr jedes weitere Haushaltsmitglied sind es nun 15.000 Euro, geplant hatte Arbeitsminister Heil 30.000 Euro.<\/p>\n<p>&nbsp;<\/p>\n<h2><u>Gibt es mehr Geld als bisher?<\/u><\/h2>\n<p>Alleinstehende Erwachsene bekommen ab dem 1. Januar 53 Euro mehr. Dazu kommen aber auch Aspekte, ob man verheiratet ist und\/oder Kinder hat.<\/p>\n","protected":false},"excerpt":{"rendered":"<p>Hallo liebe Schollis, ich werde heute \u00fcber das B\u00fcrgergeld schreiben, welches am 1.1.2023 eingef\u00fchrt wird. Ich werde die wichtigsten Fragen beantworten, dass ihr besser dar\u00fcber informiert wird. &nbsp; Warum nun B\u00fcrgergeld statt Hartz IV? Die Einf\u00fchrung des B\u00fcrgergelds anstelle des bisherigen Arbeitslosengelds II (Hartz IV) war ein Projekt der Ampelkoalition. Die Jobcenter sollen sich st\u00e4rker &hellip; <\/p>\n<p><a class=\"more-link btn\" href=\"https:\/\/www.realschule-altenwalde.de\/wordpress\/2022\/12\/02\/buergergeld\/\">Weiterlesen<\/a><\/p>\n","protected":false},"author":6,"featured_media":0,"comment_status":"closed","ping_status":"closed","sticky":false,"template":"","format":"standard","meta":{"ngg_post_thumbnail":0},"categories":[22],"tags":[],"_links":{"self":[{"href":"https:\/\/www.realschule-altenwalde.de\/wordpress\/wp-json\/wp\/v2\/posts\/2721"}],"collection":[{"href":"https:\/\/www.realschule-altenwalde.de\/wordpress\/wp-json\/wp\/v2\/posts"}],"about":[{"href":"https:\/\/www.realschule-altenwalde.de\/wordpress\/wp-json\/wp\/v2\/types\/post"}],"author":[{"embeddable":true,"href":"https:\/\/www.realschule-altenwalde.de\/wordpress\/wp-json\/wp\/v2\/users\/6"}],"replies":[{"embeddable":true,"href":"https:\/\/www.realschule-altenwalde.de\/wordpress\/wp-json\/wp\/v2\/comments?post=2721"}],"version-history":[{"count":2,"href":"https:\/\/www.realschule-altenwalde.de\/wordpress\/wp-json\/wp\/v2\/posts\/2721\/revisions"}],"predecessor-version":[{"id":2723,"href":"https:\/\/www.realschule-altenwalde.de\/wordpress\/wp-json\/wp\/v2\/posts\/2721\/revisions\/2723"}],"wp:attachment":[{"href":"https:\/\/www.realschule-altenwalde.de\/wordpress\/wp-json\/wp\/v2\/media?parent=2721"}],"wp:term":[{"taxonomy":"category","embeddable":true,"href":"https:\/\/www.realschule-altenwalde.de\/wordpress\/wp-json\/wp\/v2\/categories?post=2721"},{"taxonomy":"post_tag","embeddable":true,"href":"https:\/\/www.realschule-altenwalde.de\/wordpress\/wp-json\/wp\/v2\/tags?post=2721"}],"curies":[{"name":"wp","href":"https:\/\/api.w.org\/{rel}","templated":true}]}}