{"id":2718,"date":"2022-12-02T07:33:40","date_gmt":"2022-12-02T06:33:40","guid":{"rendered":"https:\/\/www.realschule-altenwalde.de\/wordpress\/?p=2718"},"modified":"2022-12-02T07:34:10","modified_gmt":"2022-12-02T06:34:10","slug":"weltmeisterschaft-2022","status":"publish","type":"post","link":"https:\/\/www.realschule-altenwalde.de\/wordpress\/2022\/12\/02\/weltmeisterschaft-2022\/","title":{"rendered":"Weltmeisterschaft 2022"},"content":{"rendered":"<p>Die wohl umstrittenste Weltmeisterschaft, die es je gegeben hat. Aber wieso ist das so? Wir haben nachgeforscht und haben folgende Erkenntnisse erhalten:<\/p>\n<p>Gr\u00fcnde daf\u00fcr:<\/p>\n<ul>\n<li>Alkoholverbot in und vor den Stadien f\u00fcr die Kataris ist das wegen ihrer Religion verboten und f\u00fcr die deutschen schade, weil f\u00fcr sie der Alkohol zum Fu\u00dfball dazu geh\u00f6rt<\/li>\n<li>Menschenrechtsverletzung<\/li>\n<li>LGBTQ ist in Katar nicht erw\u00fcnscht, wenn die Kapit\u00e4ne der L\u00e4nder eine Regenbogenbinde tragen, bekommt das jeweilige Land Punktabz\u00fcge oder vor Spielbeginn eine gelbe Karte<\/li>\n<\/ul>\n<p><!--more--><\/p>\n<p>Gastarbeiter:<\/p>\n<ul>\n<li>5000 Gastarbeiter sind verstorben<\/li>\n<li>Viele Gastarbeiter haben viel Geld erhofft, aber ein hoher Teil des Gehalts ist verschwunden<\/li>\n<li>Schlechte Arbeitszeiten<\/li>\n<li>Schlafen und wohnen in Schiffscontainern<\/li>\n<li>Bei \u00fcber 40\u00b0 in prallender Sonne sie sollten offiziell 8 Stunden am Tag arbeiten im Durchschnitt standen sie dort aber 16 Stunden lang<\/li>\n<li>148 Tage lang bauten sie Stadien und Stra\u00dfen<\/li>\n<\/ul>\n<p>&nbsp;<\/p>\n<p>Die meisten Gastarbeiter kamen aus L\u00e4ndern wie<\/p>\n<ul>\n<li>Indien<\/li>\n<li>Bangladesch<\/li>\n<li>Nepal<\/li>\n<li>Pakistan<\/li>\n<li>Sri Lanka<\/li>\n<\/ul>\n<p>Nur 10% von ihnen kamen aus Qatar<\/p>\n<p>&nbsp;<\/p>\n<p>2010 im FIFA-Hauptquartier in Z\u00fcrich, zur Auswahl standen:<\/p>\n<ul>\n<li>Australien<\/li>\n<li>Japan<\/li>\n<li>S\u00fcdkorea<\/li>\n<li>Katar<\/li>\n<\/ul>\n<p>Viele Menschen behaupten, dass diese Auslosung gekauft war und deswegen an Katar ging<\/p>\n<p>Noch ist noch unklar und nicht sicher, ob Katar sich f\u00fcr die WM 2026 qualifizieren darf<\/p>\n<p>Wir pers\u00f6nlich finden die WM in Katar nicht so gut, weil\u00a0 viele Menschen ihr leben verloren haben und sie im Winter ist unserer Meinung nach sollte eine Weltmeisterschaft im Sommer stattfinden.<\/p>\n<p>Wir berichten weiter&#8230;<\/p>\n<p>Eure Scholli News<\/p>\n","protected":false},"excerpt":{"rendered":"<p>Die wohl umstrittenste Weltmeisterschaft, die es je gegeben hat. Aber wieso ist das so? Wir haben nachgeforscht und haben folgende Erkenntnisse erhalten: Gr\u00fcnde daf\u00fcr: Alkoholverbot in und vor den Stadien f\u00fcr die Kataris ist das wegen ihrer Religion verboten und f\u00fcr die deutschen schade, weil f\u00fcr sie der Alkohol zum Fu\u00dfball dazu geh\u00f6rt Menschenrechtsverletzung LGBTQ &hellip; <\/p>\n<p><a class=\"more-link btn\" href=\"https:\/\/www.realschule-altenwalde.de\/wordpress\/2022\/12\/02\/weltmeisterschaft-2022\/\">Weiterlesen<\/a><\/p>\n","protected":false},"author":6,"featured_media":0,"comment_status":"closed","ping_status":"closed","sticky":false,"template":"","format":"standard","meta":{"ngg_post_thumbnail":0},"categories":[22],"tags":[],"_links":{"self":[{"href":"https:\/\/www.realschule-altenwalde.de\/wordpress\/wp-json\/wp\/v2\/posts\/2718"}],"collection":[{"href":"https:\/\/www.realschule-altenwalde.de\/wordpress\/wp-json\/wp\/v2\/posts"}],"about":[{"href":"https:\/\/www.realschule-altenwalde.de\/wordpress\/wp-json\/wp\/v2\/types\/post"}],"author":[{"embeddable":true,"href":"https:\/\/www.realschule-altenwalde.de\/wordpress\/wp-json\/wp\/v2\/users\/6"}],"replies":[{"embeddable":true,"href":"https:\/\/www.realschule-altenwalde.de\/wordpress\/wp-json\/wp\/v2\/comments?post=2718"}],"version-history":[{"count":2,"href":"https:\/\/www.realschule-altenwalde.de\/wordpress\/wp-json\/wp\/v2\/posts\/2718\/revisions"}],"predecessor-version":[{"id":2720,"href":"https:\/\/www.realschule-altenwalde.de\/wordpress\/wp-json\/wp\/v2\/posts\/2718\/revisions\/2720"}],"wp:attachment":[{"href":"https:\/\/www.realschule-altenwalde.de\/wordpress\/wp-json\/wp\/v2\/media?parent=2718"}],"wp:term":[{"taxonomy":"category","embeddable":true,"href":"https:\/\/www.realschule-altenwalde.de\/wordpress\/wp-json\/wp\/v2\/categories?post=2718"},{"taxonomy":"post_tag","embeddable":true,"href":"https:\/\/www.realschule-altenwalde.de\/wordpress\/wp-json\/wp\/v2\/tags?post=2718"}],"curies":[{"name":"wp","href":"https:\/\/api.w.org\/{rel}","templated":true}]}}