{"id":2712,"date":"2022-11-23T11:22:19","date_gmt":"2022-11-23T10:22:19","guid":{"rendered":"https:\/\/www.realschule-altenwalde.de\/wordpress\/?p=2712"},"modified":"2022-11-23T11:22:19","modified_gmt":"2022-11-23T10:22:19","slug":"schilf-und-schulfrei","status":"publish","type":"post","link":"https:\/\/www.realschule-altenwalde.de\/wordpress\/2022\/11\/23\/schilf-und-schulfrei\/","title":{"rendered":"SCHILF und schulfrei"},"content":{"rendered":"<p>Am Freitag, den 04.11.2022 gab es Grund zur Freude, denn wir hatten schulfrei! Der Grund f\u00fcr den unterrichtsfreien Tag war die SCHILF (Schulinterne Lehrerfortbildung) vom 04.11.2022 bis zum 05.11.2022. Unsere gesamte Lehrerschaft befand sich an diesem Tag auf Gut Sch\u00f6neworth in Freiburg an der Elbe. Hoch motiviert haben sich unsere Lehrer*innen dem Thema des \u201eSchreibcurriculums\u201c gestellt.<\/p>\n<p>Organisiert wurde die Fortbildung von Frau Steinborn, Frau Sommer und Frau Stache. Referentin f\u00fcr den Tag war Frau Steinborn. Sie kommt vom Landesinstitut f\u00fcr Schule und Bildung als Fachberaterin f\u00fcr Unterrichtsqualit\u00e4t. Da das Ergebnis der Hamburger-Leseprobe bei den f\u00fcnften Klassen nicht so gut ausfiel, sollen Sch\u00fcler*innen im Bereich Lesefl\u00fcssigkeit k\u00fcnftig mehr unterst\u00fctzt werden, da dies der Zugang im Bereich Verst\u00e4ndnis von Texten ist.<\/p>\n<p><!--more--><\/p>\n<p>In dem Bereich hat sich die Lehrerschaft w\u00e4hrend der Schilf Gedanken gemacht und kam zu folgendem Ergebnissen:<\/p>\n<p>Im f\u00fcnften Jahrgang, im Januar, soll ein Diagnosetest stattfinden, au\u00dferdem soll dreimal w\u00f6chentlich, a 15 Minuten eine Lesezeit in den Unterricht eingef\u00fcgt werden. Die Sch\u00fcler*innen sollen zur attraktiven Gestaltung selbst ausgew\u00e4hlte B\u00fccher lesen. Im sechsten und siebten Jahrgang soll w\u00f6chentlich 15 Minuten im Deutschunterricht und in Vertretungsstunden gelesen werden. Des Weiteren soll der Gruppenraum im ersten Stock im Hauptgeb\u00e4ude zur Bibliothekserweiterung umfunktioniert werden. Dies geschieht in Form von neuen Sitzs\u00e4cken und Fachliteratur. In den n\u00e4chsten Wochen findet eine Umfrage zum Thema, \u201eWas lesen die Sch\u00fcler*innen?\u201c, statt. Die Ergebnisse werden dann auf unsere Homepage ver\u00f6ffentlicht. So k\u00f6nnen sich Sch\u00fcler*innen und Eltern \u00fcber den neusten Trend in Sachen Lesen informieren und vielleicht mehr Freude am Lesen zuhause finden.<\/p>\n<p>Verfasst von Thorge Grade und Marlon Appiarius von den Scholli-News.<\/p>\n","protected":false},"excerpt":{"rendered":"<p>Am Freitag, den 04.11.2022 gab es Grund zur Freude, denn wir hatten schulfrei! Der Grund f\u00fcr den unterrichtsfreien Tag war die SCHILF (Schulinterne Lehrerfortbildung) vom 04.11.2022 bis zum 05.11.2022. Unsere gesamte Lehrerschaft befand sich an diesem Tag auf Gut Sch\u00f6neworth in Freiburg an der Elbe. Hoch motiviert haben sich unsere Lehrer*innen dem Thema des \u201eSchreibcurriculums\u201c &hellip; <\/p>\n<p><a class=\"more-link btn\" href=\"https:\/\/www.realschule-altenwalde.de\/wordpress\/2022\/11\/23\/schilf-und-schulfrei\/\">Weiterlesen<\/a><\/p>\n","protected":false},"author":6,"featured_media":0,"comment_status":"closed","ping_status":"closed","sticky":false,"template":"","format":"standard","meta":{"ngg_post_thumbnail":0},"categories":[14,22],"tags":[],"_links":{"self":[{"href":"https:\/\/www.realschule-altenwalde.de\/wordpress\/wp-json\/wp\/v2\/posts\/2712"}],"collection":[{"href":"https:\/\/www.realschule-altenwalde.de\/wordpress\/wp-json\/wp\/v2\/posts"}],"about":[{"href":"https:\/\/www.realschule-altenwalde.de\/wordpress\/wp-json\/wp\/v2\/types\/post"}],"author":[{"embeddable":true,"href":"https:\/\/www.realschule-altenwalde.de\/wordpress\/wp-json\/wp\/v2\/users\/6"}],"replies":[{"embeddable":true,"href":"https:\/\/www.realschule-altenwalde.de\/wordpress\/wp-json\/wp\/v2\/comments?post=2712"}],"version-history":[{"count":1,"href":"https:\/\/www.realschule-altenwalde.de\/wordpress\/wp-json\/wp\/v2\/posts\/2712\/revisions"}],"predecessor-version":[{"id":2713,"href":"https:\/\/www.realschule-altenwalde.de\/wordpress\/wp-json\/wp\/v2\/posts\/2712\/revisions\/2713"}],"wp:attachment":[{"href":"https:\/\/www.realschule-altenwalde.de\/wordpress\/wp-json\/wp\/v2\/media?parent=2712"}],"wp:term":[{"taxonomy":"category","embeddable":true,"href":"https:\/\/www.realschule-altenwalde.de\/wordpress\/wp-json\/wp\/v2\/categories?post=2712"},{"taxonomy":"post_tag","embeddable":true,"href":"https:\/\/www.realschule-altenwalde.de\/wordpress\/wp-json\/wp\/v2\/tags?post=2712"}],"curies":[{"name":"wp","href":"https:\/\/api.w.org\/{rel}","templated":true}]}}