{"id":2695,"date":"2022-11-02T11:11:40","date_gmt":"2022-11-02T10:11:40","guid":{"rendered":"https:\/\/www.realschule-altenwalde.de\/wordpress\/?p=2695"},"modified":"2022-11-02T11:12:19","modified_gmt":"2022-11-02T10:12:19","slug":"2695","status":"publish","type":"post","link":"https:\/\/www.realschule-altenwalde.de\/wordpress\/2022\/11\/02\/2695\/","title":{"rendered":"Landtagswahlen 2022 Cuxhaven"},"content":{"rendered":"<p>Am 09.10.2022 fanden in Cuxhaven die Landtagswahlen statt.<\/p>\n<p>W\u00e4hlen konnte man zwischen 08:00 \u2013 18:00 Uhr.<\/p>\n<p>Die Hauptkandidaten waren :<\/p>\n<ul>\n<li>Oliver Ebken (SPD)<\/li>\n<li>Thiemo R\u00f6hler (CDU)<\/li>\n<li>G\u00fcnter Wichert (FDP)<\/li>\n<li>Johannes Sattinger (Gr\u00fcne)<\/li>\n<li>Andreas K\u00e4mmerer (AfD)<\/li>\n<li>J\u00f6rg Schwarzer (dieBasis)<\/li>\n<\/ul>\n<p><!--more--><\/p>\n<p>Gewonnen hat Oliver Ebken von der SPD mit 34,8%.<\/p>\n<p>Dahinter mit nur 2% weniger befand sich Thiemo R\u00f6hler.<\/p>\n<p>Ergebnisse aus dem Jahr 2021.<\/p>\n<p>Im letzten Jahr hat ebenfalls die SPD gewonnen mit 35% das sind 0,2% mehr als in diesem Jahr.<\/p>\n<p>Die CDU hat 6.6% mehr als im vergangenem Jahr .<\/p>\n<p>Ab wann darf man eigentlich W\u00e4hlen?<\/p>\n<ul>\n<li>Bei Landtagswahlen darf man ab 16 w\u00e4hlen<\/li>\n<li>Bei Bundestagswahlen darf man ab 18 w\u00e4hlen<\/li>\n<li>Man muss seit mindestens 3 Monaten im jeweiligen Wahlgebiet wohnen<\/li>\n<li>Man muss in einem W\u00e4hlerverzeichnis eingetragen sein<\/li>\n<\/ul>\n<p>Oder einen Wahlschein haben<\/p>\n<p>Justus und Nico von den Scholli-News<\/p>\n<p>&nbsp;<\/p>\n","protected":false},"excerpt":{"rendered":"<p>Am 09.10.2022 fanden in Cuxhaven die Landtagswahlen statt. W\u00e4hlen konnte man zwischen 08:00 \u2013 18:00 Uhr. Die Hauptkandidaten waren : Oliver Ebken (SPD) Thiemo R\u00f6hler (CDU) G\u00fcnter Wichert (FDP) Johannes Sattinger (Gr\u00fcne) Andreas K\u00e4mmerer (AfD) J\u00f6rg Schwarzer (dieBasis)<\/p><p><a class=\"more-link btn\" href=\"https:\/\/www.realschule-altenwalde.de\/wordpress\/2022\/11\/02\/2695\/\">Weiterlesen<\/a><\/p>\n","protected":false},"author":6,"featured_media":0,"comment_status":"closed","ping_status":"closed","sticky":false,"template":"","format":"standard","meta":{"ngg_post_thumbnail":0},"categories":[22],"tags":[],"_links":{"self":[{"href":"https:\/\/www.realschule-altenwalde.de\/wordpress\/wp-json\/wp\/v2\/posts\/2695"}],"collection":[{"href":"https:\/\/www.realschule-altenwalde.de\/wordpress\/wp-json\/wp\/v2\/posts"}],"about":[{"href":"https:\/\/www.realschule-altenwalde.de\/wordpress\/wp-json\/wp\/v2\/types\/post"}],"author":[{"embeddable":true,"href":"https:\/\/www.realschule-altenwalde.de\/wordpress\/wp-json\/wp\/v2\/users\/6"}],"replies":[{"embeddable":true,"href":"https:\/\/www.realschule-altenwalde.de\/wordpress\/wp-json\/wp\/v2\/comments?post=2695"}],"version-history":[{"count":2,"href":"https:\/\/www.realschule-altenwalde.de\/wordpress\/wp-json\/wp\/v2\/posts\/2695\/revisions"}],"predecessor-version":[{"id":2697,"href":"https:\/\/www.realschule-altenwalde.de\/wordpress\/wp-json\/wp\/v2\/posts\/2695\/revisions\/2697"}],"wp:attachment":[{"href":"https:\/\/www.realschule-altenwalde.de\/wordpress\/wp-json\/wp\/v2\/media?parent=2695"}],"wp:term":[{"taxonomy":"category","embeddable":true,"href":"https:\/\/www.realschule-altenwalde.de\/wordpress\/wp-json\/wp\/v2\/categories?post=2695"},{"taxonomy":"post_tag","embeddable":true,"href":"https:\/\/www.realschule-altenwalde.de\/wordpress\/wp-json\/wp\/v2\/tags?post=2695"}],"curies":[{"name":"wp","href":"https:\/\/api.w.org\/{rel}","templated":true}]}}