{"id":2667,"date":"2022-10-05T11:17:23","date_gmt":"2022-10-05T09:17:23","guid":{"rendered":"https:\/\/www.realschule-altenwalde.de\/wordpress\/?p=2667"},"modified":"2022-10-05T11:17:23","modified_gmt":"2022-10-05T09:17:23","slug":"neue-schulsanitaeter","status":"publish","type":"post","link":"https:\/\/www.realschule-altenwalde.de\/wordpress\/2022\/10\/05\/neue-schulsanitaeter\/","title":{"rendered":"Neue Schulsanit\u00e4ter"},"content":{"rendered":"<p>Mit ihrem Abschluss haben vier Schulsanit\u00e4ter des damals zehnten Jahrgangs unsere Schule verlassen. Deshalb ist es n\u00f6tig, zur Unterst\u00fctzung des jetzigen zehnten Jahrgangs, neue Schulsanit\u00e4ter auszubilden. Am 01.09.2022 wurden dazu dann von Herrn Steiner, vom DRK, 10 neue Sanit\u00e4ter ganzt\u00e4gig ausgebildet.<\/p>\n<p><a href=\"https:\/\/www.realschule-altenwalde.de\/wordpress\/wp-content\/uploads\/2022\/10\/Sani-neu-2022-scaled.jpeg\"><img loading=\"lazy\" class=\" wp-image-2668 alignleft\" src=\"https:\/\/www.realschule-altenwalde.de\/wordpress\/wp-content\/uploads\/2022\/10\/Sani-neu-2022-300x225.jpeg\" alt=\"\" width=\"274\" height=\"206\" srcset=\"https:\/\/www.realschule-altenwalde.de\/wordpress\/wp-content\/uploads\/2022\/10\/Sani-neu-2022-300x225.jpeg 300w, https:\/\/www.realschule-altenwalde.de\/wordpress\/wp-content\/uploads\/2022\/10\/Sani-neu-2022-1024x768.jpeg 1024w, https:\/\/www.realschule-altenwalde.de\/wordpress\/wp-content\/uploads\/2022\/10\/Sani-neu-2022-768x576.jpeg 768w, https:\/\/www.realschule-altenwalde.de\/wordpress\/wp-content\/uploads\/2022\/10\/Sani-neu-2022-1536x1152.jpeg 1536w, https:\/\/www.realschule-altenwalde.de\/wordpress\/wp-content\/uploads\/2022\/10\/Sani-neu-2022-2048x1536.jpeg 2048w, https:\/\/www.realschule-altenwalde.de\/wordpress\/wp-content\/uploads\/2022\/10\/Sani-neu-2022-750x563.jpeg 750w, https:\/\/www.realschule-altenwalde.de\/wordpress\/wp-content\/uploads\/2022\/10\/Sani-neu-2022-100x75.jpeg 100w\" sizes=\"(max-width: 274px) 100vw, 274px\" \/><\/a><\/p>\n<p>Die neuen Schulsanit\u00e4ter aus dem 9. Jahrgang sind, wie man von links nach rechts auf dem Bild sehen kann:<\/p>\n<p>Lennert, Marell, Lucy, Jule, Merle, Nele, Luca-Fynn, Fabian, Lara und Tarja aus dem neunten Jahrgang. Auch Frau Stache musste ihren Erste-Hilfe-Kurs auffrischen und war dankbar \u00fcber neue Impulse von Herrn Steiner vom DRK. Am Donnerstag den 29.09.2022 hatten die Schulsanit\u00e4ter ihr erstes Treffen. Ab der darauf folgenden Woche sind sie dann, f\u00fcr uns, auf den Schulh\u00f6fen da und leisten dem zehnten Jahrgang Verst\u00e4rkung.<\/p>\n<p>Viel Erfolg w\u00fcnschen euch<\/p>\n<p>Eure Scholli News<\/p>\n","protected":false},"excerpt":{"rendered":"<p>Mit ihrem Abschluss haben vier Schulsanit\u00e4ter des damals zehnten Jahrgangs unsere Schule verlassen. Deshalb ist es n\u00f6tig, zur Unterst\u00fctzung des jetzigen zehnten Jahrgangs, neue Schulsanit\u00e4ter auszubilden. Am 01.09.2022 wurden dazu dann von Herrn Steiner, vom DRK, 10 neue Sanit\u00e4ter ganzt\u00e4gig ausgebildet. Die neuen Schulsanit\u00e4ter aus dem 9. Jahrgang sind, wie man von links nach rechts &hellip; <\/p>\n<p><a class=\"more-link btn\" href=\"https:\/\/www.realschule-altenwalde.de\/wordpress\/2022\/10\/05\/neue-schulsanitaeter\/\">Weiterlesen<\/a><\/p>\n","protected":false},"author":6,"featured_media":0,"comment_status":"closed","ping_status":"closed","sticky":false,"template":"","format":"standard","meta":{"ngg_post_thumbnail":0},"categories":[14,22],"tags":[],"_links":{"self":[{"href":"https:\/\/www.realschule-altenwalde.de\/wordpress\/wp-json\/wp\/v2\/posts\/2667"}],"collection":[{"href":"https:\/\/www.realschule-altenwalde.de\/wordpress\/wp-json\/wp\/v2\/posts"}],"about":[{"href":"https:\/\/www.realschule-altenwalde.de\/wordpress\/wp-json\/wp\/v2\/types\/post"}],"author":[{"embeddable":true,"href":"https:\/\/www.realschule-altenwalde.de\/wordpress\/wp-json\/wp\/v2\/users\/6"}],"replies":[{"embeddable":true,"href":"https:\/\/www.realschule-altenwalde.de\/wordpress\/wp-json\/wp\/v2\/comments?post=2667"}],"version-history":[{"count":1,"href":"https:\/\/www.realschule-altenwalde.de\/wordpress\/wp-json\/wp\/v2\/posts\/2667\/revisions"}],"predecessor-version":[{"id":2669,"href":"https:\/\/www.realschule-altenwalde.de\/wordpress\/wp-json\/wp\/v2\/posts\/2667\/revisions\/2669"}],"wp:attachment":[{"href":"https:\/\/www.realschule-altenwalde.de\/wordpress\/wp-json\/wp\/v2\/media?parent=2667"}],"wp:term":[{"taxonomy":"category","embeddable":true,"href":"https:\/\/www.realschule-altenwalde.de\/wordpress\/wp-json\/wp\/v2\/categories?post=2667"},{"taxonomy":"post_tag","embeddable":true,"href":"https:\/\/www.realschule-altenwalde.de\/wordpress\/wp-json\/wp\/v2\/tags?post=2667"}],"curies":[{"name":"wp","href":"https:\/\/api.w.org\/{rel}","templated":true}]}}