{"id":2562,"date":"2022-06-14T08:54:51","date_gmt":"2022-06-14T06:54:51","guid":{"rendered":"https:\/\/www.realschule-altenwalde.de\/wordpress\/?p=2562"},"modified":"2022-06-14T08:54:51","modified_gmt":"2022-06-14T06:54:51","slug":"verabschiedung-der-schulsanitaeter","status":"publish","type":"post","link":"https:\/\/www.realschule-altenwalde.de\/wordpress\/2022\/06\/14\/verabschiedung-der-schulsanitaeter\/","title":{"rendered":"Verabschiedung der Schulsanit\u00e4ter"},"content":{"rendered":"<p>Am letzten Freitag, den 03.06.2022 verabschiedeten wir uns von vier Schulsanit\u00e4tern.<a href=\"https:\/\/www.realschule-altenwalde.de\/wordpress\/wp-content\/uploads\/2022\/06\/Verabschiedung-Sanidienst.jpeg\"><img loading=\"lazy\" class=\"size-medium wp-image-2558 alignleft\" src=\"https:\/\/www.realschule-altenwalde.de\/wordpress\/wp-content\/uploads\/2022\/06\/Verabschiedung-Sanidienst-300x225.jpeg\" alt=\"\" width=\"300\" height=\"225\" srcset=\"https:\/\/www.realschule-altenwalde.de\/wordpress\/wp-content\/uploads\/2022\/06\/Verabschiedung-Sanidienst-300x225.jpeg 300w, https:\/\/www.realschule-altenwalde.de\/wordpress\/wp-content\/uploads\/2022\/06\/Verabschiedung-Sanidienst-1024x768.jpeg 1024w, https:\/\/www.realschule-altenwalde.de\/wordpress\/wp-content\/uploads\/2022\/06\/Verabschiedung-Sanidienst-768x576.jpeg 768w, https:\/\/www.realschule-altenwalde.de\/wordpress\/wp-content\/uploads\/2022\/06\/Verabschiedung-Sanidienst-1536x1152.jpeg 1536w, https:\/\/www.realschule-altenwalde.de\/wordpress\/wp-content\/uploads\/2022\/06\/Verabschiedung-Sanidienst-750x563.jpeg 750w, https:\/\/www.realschule-altenwalde.de\/wordpress\/wp-content\/uploads\/2022\/06\/Verabschiedung-Sanidienst-100x75.jpeg 100w, https:\/\/www.realschule-altenwalde.de\/wordpress\/wp-content\/uploads\/2022\/06\/Verabschiedung-Sanidienst.jpeg 2016w\" sizes=\"(max-width: 300px) 100vw, 300px\" \/><\/a><\/p>\n<p>Die Sanis sind mit dem Abschluss der 10. Klassen gegangen und wurden herzlich vom Sanit\u00e4terteam des 9. Jahrganges verabschiedet. In Kleingruppen wurde dazu jeweils ein kleines Geschenk mit einer Karte samt Blumen an die flei\u00dfigen Helfer \u00fcberreicht. Auf dem Foto sind sie von links nach rechst aufgef\u00fchrt: <em>Hanan<\/em>, <em>Emely<\/em>, <em>Fenja<\/em> und J<em>oel<\/em>. Frau Stache bedankte sich ebenso f\u00fcr ihren Einsatz in den Pausen und ihr gro\u00dfes Engagement.<\/p>\n<p>Wir w\u00fcnschen Ihnen auf ihrem weiteren Weg alles Gute und bedanken uns f\u00fcr die tolle Zusammenarbeit.<\/p>\n<p>Eure Scholli-News<\/p>\n","protected":false},"excerpt":{"rendered":"<p>Am letzten Freitag, den 03.06.2022 verabschiedeten wir uns von vier Schulsanit\u00e4tern. Die Sanis sind mit dem Abschluss der 10. Klassen gegangen und wurden herzlich vom Sanit\u00e4terteam des 9. Jahrganges verabschiedet. In Kleingruppen wurde dazu jeweils ein kleines Geschenk mit einer Karte samt Blumen an die flei\u00dfigen Helfer \u00fcberreicht. Auf dem Foto sind sie von links &hellip; <\/p>\n<p><a class=\"more-link btn\" href=\"https:\/\/www.realschule-altenwalde.de\/wordpress\/2022\/06\/14\/verabschiedung-der-schulsanitaeter\/\">Weiterlesen<\/a><\/p>\n","protected":false},"author":6,"featured_media":0,"comment_status":"closed","ping_status":"closed","sticky":false,"template":"","format":"standard","meta":{"ngg_post_thumbnail":0},"categories":[1,14,22],"tags":[],"_links":{"self":[{"href":"https:\/\/www.realschule-altenwalde.de\/wordpress\/wp-json\/wp\/v2\/posts\/2562"}],"collection":[{"href":"https:\/\/www.realschule-altenwalde.de\/wordpress\/wp-json\/wp\/v2\/posts"}],"about":[{"href":"https:\/\/www.realschule-altenwalde.de\/wordpress\/wp-json\/wp\/v2\/types\/post"}],"author":[{"embeddable":true,"href":"https:\/\/www.realschule-altenwalde.de\/wordpress\/wp-json\/wp\/v2\/users\/6"}],"replies":[{"embeddable":true,"href":"https:\/\/www.realschule-altenwalde.de\/wordpress\/wp-json\/wp\/v2\/comments?post=2562"}],"version-history":[{"count":1,"href":"https:\/\/www.realschule-altenwalde.de\/wordpress\/wp-json\/wp\/v2\/posts\/2562\/revisions"}],"predecessor-version":[{"id":2563,"href":"https:\/\/www.realschule-altenwalde.de\/wordpress\/wp-json\/wp\/v2\/posts\/2562\/revisions\/2563"}],"wp:attachment":[{"href":"https:\/\/www.realschule-altenwalde.de\/wordpress\/wp-json\/wp\/v2\/media?parent=2562"}],"wp:term":[{"taxonomy":"category","embeddable":true,"href":"https:\/\/www.realschule-altenwalde.de\/wordpress\/wp-json\/wp\/v2\/categories?post=2562"},{"taxonomy":"post_tag","embeddable":true,"href":"https:\/\/www.realschule-altenwalde.de\/wordpress\/wp-json\/wp\/v2\/tags?post=2562"}],"curies":[{"name":"wp","href":"https:\/\/api.w.org\/{rel}","templated":true}]}}