{"id":2490,"date":"2022-03-29T09:32:02","date_gmt":"2022-03-29T07:32:02","guid":{"rendered":"https:\/\/www.realschule-altenwalde.de\/wordpress\/?p=2490"},"modified":"2022-03-29T09:32:02","modified_gmt":"2022-03-29T07:32:02","slug":"teilnahme-und-gewinn-am-comic-wettbewerb","status":"publish","type":"post","link":"https:\/\/www.realschule-altenwalde.de\/wordpress\/2022\/03\/29\/teilnahme-und-gewinn-am-comic-wettbewerb\/","title":{"rendered":"Teilnahme und Gewinn am Comic-Wettbewerb"},"content":{"rendered":"<p>Unsere Schule nahm an einen Franz\u00f6sischen Comic-Wettbewerb namens ,,La vie en BD\u201c vom Klett Verlag teil. Dieser Wettbewerb fand bereits zum 13. Mal statt und unsere Schule sendete ein weiteres Mal einige Comics ein.<\/p>\n<p><a href=\"https:\/\/www.realschule-altenwalde.de\/wordpress\/wp-content\/uploads\/2022\/03\/Comic-louis.jpg\"><img loading=\"lazy\" class=\"size-medium wp-image-2491 alignleft\" src=\"https:\/\/www.realschule-altenwalde.de\/wordpress\/wp-content\/uploads\/2022\/03\/Comic-louis-140x300.jpg\" alt=\"\" width=\"140\" height=\"300\" srcset=\"https:\/\/www.realschule-altenwalde.de\/wordpress\/wp-content\/uploads\/2022\/03\/Comic-louis-140x300.jpg 140w, https:\/\/www.realschule-altenwalde.de\/wordpress\/wp-content\/uploads\/2022\/03\/Comic-louis-478x1024.jpg 478w, https:\/\/www.realschule-altenwalde.de\/wordpress\/wp-content\/uploads\/2022\/03\/Comic-louis-768x1644.jpg 768w, https:\/\/www.realschule-altenwalde.de\/wordpress\/wp-content\/uploads\/2022\/03\/Comic-louis-718x1536.jpg 718w, https:\/\/www.realschule-altenwalde.de\/wordpress\/wp-content\/uploads\/2022\/03\/Comic-louis-957x2048.jpg 957w, https:\/\/www.realschule-altenwalde.de\/wordpress\/wp-content\/uploads\/2022\/03\/Comic-louis-750x1606.jpg 750w, https:\/\/www.realschule-altenwalde.de\/wordpress\/wp-content\/uploads\/2022\/03\/Comic-louis-47x100.jpg 47w, https:\/\/www.realschule-altenwalde.de\/wordpress\/wp-content\/uploads\/2022\/03\/Comic-louis.jpg 1080w\" sizes=\"(max-width: 140px) 100vw, 140px\" \/><\/a><\/p>\n<p>Deutschlandweit nehmen Sch\u00fcler:innen teil und eine Jury aus Fachdidaktikern, Zeichnern und Praktikern hat aus rund 400 Comics die besten 26 Pl\u00e4tze bekannt gegeben, worunter auch Louis S. aus der 7. Klasse aus dem Franz\u00f6sischkurs von Frau Kipp teilnahm und auf dem 18. Platz kam. Das diesj\u00e4hrige Thema hie\u00df ,,Retour vers le futur\u201c was auf Deutsch so viel hei\u00dft wie ,,Zur\u00fcck in die Zukunft\u201c. Die besten Comics werden seit dem 25.3.2022 bis zum 31.5.2022 in dem Institut ,,francais\u201c in Stuttgart ausgestellt.<\/p>\n<p>Um mehr \u00fcber Louis Comic und seine Idee dazu erfahren, haben wir ihm ein paar Fragen dazu gestellt.<\/p>\n<p>1.SZ: Warum hast du teilgenommen?<\/p>\n<p>Louis: Ich habe Spa\u00df am Malen und an der franz\u00f6sischen Sprache.<\/p>\n<p>&nbsp;<\/p>\n<p>2.SZ: Wie kamst du auf die Idee deines Comics?<\/p>\n<p>Louis: Ich habe Ideen aus den vorherigen Comics gesammelt.<\/p>\n<p>&nbsp;<\/p>\n<p>3.SZ: Worum handelt es in deinem Comic?<\/p>\n<p>Louis: In meinem Comic geht es um einen franz\u00f6sischen Jungen, der in seinem Zimmer ein Poster hat, das sich in ein Portal verwandelt hat. Durch das Portal reist der Junge in die Zukunft und sieht dort wie kaputt die Welt zu dieser Zeit ist. Daraufhin beschlie\u00dft er die Welt zu retten.<\/p>\n<p>&nbsp;<\/p>\n<p>4.SZ: Wie lange hast du f\u00fcr die Fertigung deines Comics gebraucht?<\/p>\n<p>Louis: Ich habe im Franz\u00f6sischunterricht und Zuhause\u00a0 daran gearbeitet.<\/p>\n<p>&nbsp;<\/p>\n<p>Wir freuen uns sehr f\u00fcr Louis und hoffen, dass unsere Schule weitere Erfolge erleben darf.<\/p>\n<p>Gastbeitrag von Charlotte, Marissa und Talina aus der 9b<\/p>\n","protected":false},"excerpt":{"rendered":"<p>Unsere Schule nahm an einen Franz\u00f6sischen Comic-Wettbewerb namens ,,La vie en BD\u201c vom Klett Verlag teil. Dieser Wettbewerb fand bereits zum 13. Mal statt und unsere Schule sendete ein weiteres Mal einige Comics ein. Deutschlandweit nehmen Sch\u00fcler:innen teil und eine Jury aus Fachdidaktikern, Zeichnern und Praktikern hat aus rund 400 Comics die besten 26 Pl\u00e4tze &hellip; <\/p>\n<p><a class=\"more-link btn\" href=\"https:\/\/www.realschule-altenwalde.de\/wordpress\/2022\/03\/29\/teilnahme-und-gewinn-am-comic-wettbewerb\/\">Weiterlesen<\/a><\/p>\n","protected":false},"author":6,"featured_media":0,"comment_status":"closed","ping_status":"closed","sticky":false,"template":"","format":"standard","meta":{"ngg_post_thumbnail":0},"categories":[22],"tags":[],"_links":{"self":[{"href":"https:\/\/www.realschule-altenwalde.de\/wordpress\/wp-json\/wp\/v2\/posts\/2490"}],"collection":[{"href":"https:\/\/www.realschule-altenwalde.de\/wordpress\/wp-json\/wp\/v2\/posts"}],"about":[{"href":"https:\/\/www.realschule-altenwalde.de\/wordpress\/wp-json\/wp\/v2\/types\/post"}],"author":[{"embeddable":true,"href":"https:\/\/www.realschule-altenwalde.de\/wordpress\/wp-json\/wp\/v2\/users\/6"}],"replies":[{"embeddable":true,"href":"https:\/\/www.realschule-altenwalde.de\/wordpress\/wp-json\/wp\/v2\/comments?post=2490"}],"version-history":[{"count":1,"href":"https:\/\/www.realschule-altenwalde.de\/wordpress\/wp-json\/wp\/v2\/posts\/2490\/revisions"}],"predecessor-version":[{"id":2492,"href":"https:\/\/www.realschule-altenwalde.de\/wordpress\/wp-json\/wp\/v2\/posts\/2490\/revisions\/2492"}],"wp:attachment":[{"href":"https:\/\/www.realschule-altenwalde.de\/wordpress\/wp-json\/wp\/v2\/media?parent=2490"}],"wp:term":[{"taxonomy":"category","embeddable":true,"href":"https:\/\/www.realschule-altenwalde.de\/wordpress\/wp-json\/wp\/v2\/categories?post=2490"},{"taxonomy":"post_tag","embeddable":true,"href":"https:\/\/www.realschule-altenwalde.de\/wordpress\/wp-json\/wp\/v2\/tags?post=2490"}],"curies":[{"name":"wp","href":"https:\/\/api.w.org\/{rel}","templated":true}]}}