{"id":2459,"date":"2022-03-16T09:18:59","date_gmt":"2022-03-16T08:18:59","guid":{"rendered":"https:\/\/www.realschule-altenwalde.de\/wordpress\/?p=2459"},"modified":"2022-03-16T09:24:18","modified_gmt":"2022-03-16T08:24:18","slug":"ein-zeichen-gegen-den-ukraine-krieg","status":"publish","type":"post","link":"https:\/\/www.realschule-altenwalde.de\/wordpress\/2022\/03\/16\/ein-zeichen-gegen-den-ukraine-krieg\/","title":{"rendered":"Ein Zeichen gegen den Ukraine-Krieg"},"content":{"rendered":"<p>Seit Februar halten wir den Atem an, seitdem am 15. Februar das russische Parlament, den ukrainischen Pr\u00e4sidenten Selenskyj aufforderte, die Separatistengebiete in der Ukraine als selbst\u00e4ndige &#8222;Volksrepubliken&#8220; anzuerkennen.<\/p>\n<p><a href=\"https:\/\/www.realschule-altenwalde.de\/wordpress\/wp-content\/uploads\/2022\/03\/Bild-ukraine-WPK-scaled.jpg\"><img loading=\"lazy\" class=\"size-medium wp-image-2460 alignleft\" src=\"https:\/\/www.realschule-altenwalde.de\/wordpress\/wp-content\/uploads\/2022\/03\/Bild-ukraine-WPK-300x226.jpg\" alt=\"\" width=\"300\" height=\"226\" srcset=\"https:\/\/www.realschule-altenwalde.de\/wordpress\/wp-content\/uploads\/2022\/03\/Bild-ukraine-WPK-300x226.jpg 300w, https:\/\/www.realschule-altenwalde.de\/wordpress\/wp-content\/uploads\/2022\/03\/Bild-ukraine-WPK-1024x771.jpg 1024w, https:\/\/www.realschule-altenwalde.de\/wordpress\/wp-content\/uploads\/2022\/03\/Bild-ukraine-WPK-768x578.jpg 768w, https:\/\/www.realschule-altenwalde.de\/wordpress\/wp-content\/uploads\/2022\/03\/Bild-ukraine-WPK-1536x1157.jpg 1536w, https:\/\/www.realschule-altenwalde.de\/wordpress\/wp-content\/uploads\/2022\/03\/Bild-ukraine-WPK-2048x1542.jpg 2048w, https:\/\/www.realschule-altenwalde.de\/wordpress\/wp-content\/uploads\/2022\/03\/Bild-ukraine-WPK-750x565.jpg 750w, https:\/\/www.realschule-altenwalde.de\/wordpress\/wp-content\/uploads\/2022\/03\/Bild-ukraine-WPK-100x75.jpg 100w\" sizes=\"(max-width: 300px) 100vw, 300px\" \/><\/a> <a href=\"https:\/\/www.realschule-altenwalde.de\/wordpress\/wp-content\/uploads\/2022\/03\/Bild1-ukraine-WPK-scaled.jpg\"><img loading=\"lazy\" class=\"size-medium wp-image-2461 alignleft\" src=\"https:\/\/www.realschule-altenwalde.de\/wordpress\/wp-content\/uploads\/2022\/03\/Bild1-ukraine-WPK-300x226.jpg\" alt=\"\" width=\"300\" height=\"226\" srcset=\"https:\/\/www.realschule-altenwalde.de\/wordpress\/wp-content\/uploads\/2022\/03\/Bild1-ukraine-WPK-300x226.jpg 300w, https:\/\/www.realschule-altenwalde.de\/wordpress\/wp-content\/uploads\/2022\/03\/Bild1-ukraine-WPK-1024x771.jpg 1024w, https:\/\/www.realschule-altenwalde.de\/wordpress\/wp-content\/uploads\/2022\/03\/Bild1-ukraine-WPK-768x578.jpg 768w, https:\/\/www.realschule-altenwalde.de\/wordpress\/wp-content\/uploads\/2022\/03\/Bild1-ukraine-WPK-1536x1157.jpg 1536w, https:\/\/www.realschule-altenwalde.de\/wordpress\/wp-content\/uploads\/2022\/03\/Bild1-ukraine-WPK-2048x1542.jpg 2048w, https:\/\/www.realschule-altenwalde.de\/wordpress\/wp-content\/uploads\/2022\/03\/Bild1-ukraine-WPK-750x565.jpg 750w, https:\/\/www.realschule-altenwalde.de\/wordpress\/wp-content\/uploads\/2022\/03\/Bild1-ukraine-WPK-100x75.jpg 100w\" sizes=\"(max-width: 300px) 100vw, 300px\" \/><\/a><\/p>\n<p>&nbsp;<\/p>\n<p>&nbsp;<\/p>\n<p>&nbsp;<\/p>\n<p>&nbsp;<\/p>\n<p>&nbsp;<\/p>\n<p>&nbsp;<\/p>\n<p>Mehr als 100 000 russische Soldaten waren da bereits an den Grenzen zur Ukraine unterwegs. Nun ist das passiert, was wir bis zum letzten Monat noch in Europa als undenkbar angesehen haben. Es herrscht Krieg. Es geht um die Verschiebung von Grenzen, um die Zugeh\u00f6rigkeit der Krim und viele andere Punkte. Seitens des russischen Pr\u00e4sidenten Putin ist von einer S\u00e4uberung der Nazi-Regierung in der Ukraine die Rede und das, obwohl Selenskyj selbst j\u00fcdischer Abstammung ist. Eine absurde Rechtfertigung Putins f\u00fcr den Angriff.<\/p>\n<p>Da bekommen wir, als Schollis, eine G\u00e4senhaut am ganzen K\u00f6rper und denken an die Namensgeber unserer Schule- die Geschwister-Scholl und ihrer Auflehnung gegen Krieg, Leid und Elend.<\/p>\n<p>Im Wahlpflichtkurs \u201eNazizeit im Cuxland\u201c, geleitet von Herrn Behrens, wurde dazu in der letzten Woche ein Plakat entworfen, das die Begriffe Ukraine, Frieden und die wei\u00dfe Rose miteinander vereint. Wir finden es sehr gelungen und ist momentan in der Pausenhalle zu finden.<\/p>\n<p><a href=\"https:\/\/www.realschule-altenwalde.de\/wordpress\/wp-content\/uploads\/2022\/03\/Aula-Ukraine-scaled.jpeg\"><img loading=\"lazy\" class=\" wp-image-2462 alignleft\" src=\"https:\/\/www.realschule-altenwalde.de\/wordpress\/wp-content\/uploads\/2022\/03\/Aula-Ukraine-300x225.jpeg\" alt=\"\" width=\"400\" height=\"300\" srcset=\"https:\/\/www.realschule-altenwalde.de\/wordpress\/wp-content\/uploads\/2022\/03\/Aula-Ukraine-300x225.jpeg 300w, https:\/\/www.realschule-altenwalde.de\/wordpress\/wp-content\/uploads\/2022\/03\/Aula-Ukraine-1024x768.jpeg 1024w, https:\/\/www.realschule-altenwalde.de\/wordpress\/wp-content\/uploads\/2022\/03\/Aula-Ukraine-768x576.jpeg 768w, https:\/\/www.realschule-altenwalde.de\/wordpress\/wp-content\/uploads\/2022\/03\/Aula-Ukraine-1536x1152.jpeg 1536w, https:\/\/www.realschule-altenwalde.de\/wordpress\/wp-content\/uploads\/2022\/03\/Aula-Ukraine-2048x1536.jpeg 2048w, https:\/\/www.realschule-altenwalde.de\/wordpress\/wp-content\/uploads\/2022\/03\/Aula-Ukraine-750x563.jpeg 750w, https:\/\/www.realschule-altenwalde.de\/wordpress\/wp-content\/uploads\/2022\/03\/Aula-Ukraine-100x75.jpeg 100w\" sizes=\"(max-width: 400px) 100vw, 400px\" \/><\/a> <a href=\"https:\/\/www.realschule-altenwalde.de\/wordpress\/wp-content\/uploads\/2022\/03\/Taube-Krieg-scaled.jpeg\"><img loading=\"lazy\" class=\"size-medium wp-image-2463 alignleft\" src=\"https:\/\/www.realschule-altenwalde.de\/wordpress\/wp-content\/uploads\/2022\/03\/Taube-Krieg-225x300.jpeg\" alt=\"\" width=\"225\" height=\"300\" srcset=\"https:\/\/www.realschule-altenwalde.de\/wordpress\/wp-content\/uploads\/2022\/03\/Taube-Krieg-225x300.jpeg 225w, https:\/\/www.realschule-altenwalde.de\/wordpress\/wp-content\/uploads\/2022\/03\/Taube-Krieg-768x1024.jpeg 768w, https:\/\/www.realschule-altenwalde.de\/wordpress\/wp-content\/uploads\/2022\/03\/Taube-Krieg-1152x1536.jpeg 1152w, https:\/\/www.realschule-altenwalde.de\/wordpress\/wp-content\/uploads\/2022\/03\/Taube-Krieg-1536x2048.jpeg 1536w, https:\/\/www.realschule-altenwalde.de\/wordpress\/wp-content\/uploads\/2022\/03\/Taube-Krieg-750x1000.jpeg 750w, https:\/\/www.realschule-altenwalde.de\/wordpress\/wp-content\/uploads\/2022\/03\/Taube-Krieg-75x100.jpeg 75w, https:\/\/www.realschule-altenwalde.de\/wordpress\/wp-content\/uploads\/2022\/03\/Taube-Krieg-scaled.jpeg 1920w\" sizes=\"(max-width: 225px) 100vw, 225px\" \/><\/a><\/p>\n<p>&nbsp;<\/p>\n<p>&nbsp;<\/p>\n<p>&nbsp;<\/p>\n<p>&nbsp;<\/p>\n<p>&nbsp;<\/p>\n<p>&nbsp;<\/p>\n<p>&nbsp;<\/p>\n<p>&nbsp;<\/p>\n<p>Auch andere Wahlpflichtkurse oder Klassen haben in Gedenken an den Ukraine-Krieg Plakate entworfen, die die Aula oder die Klassen zieren. Sogar eine Friedenstaube bittet auf einem Laken an der Hausfassade am Haupteingang um Frieden.<\/p>\n<p>Wir f\u00fchlen mit der Ukraine.<\/p>\n<p>Die Scholli-Redaktion<\/p>\n<p>&nbsp;<\/p>\n","protected":false},"excerpt":{"rendered":"<p>Seit Februar halten wir den Atem an, seitdem am 15. Februar das russische Parlament, den ukrainischen Pr\u00e4sidenten Selenskyj aufforderte, die Separatistengebiete in der Ukraine als selbst\u00e4ndige &#8222;Volksrepubliken&#8220; anzuerkennen. &nbsp; &nbsp; &nbsp; &nbsp; &nbsp; &nbsp; Mehr als 100 000 russische Soldaten waren da bereits an den Grenzen zur Ukraine unterwegs. Nun ist das passiert, was wir &hellip; <\/p>\n<p><a class=\"more-link btn\" href=\"https:\/\/www.realschule-altenwalde.de\/wordpress\/2022\/03\/16\/ein-zeichen-gegen-den-ukraine-krieg\/\">Weiterlesen<\/a><\/p>\n","protected":false},"author":6,"featured_media":0,"comment_status":"closed","ping_status":"closed","sticky":false,"template":"","format":"standard","meta":{"ngg_post_thumbnail":0},"categories":[14,22],"tags":[],"_links":{"self":[{"href":"https:\/\/www.realschule-altenwalde.de\/wordpress\/wp-json\/wp\/v2\/posts\/2459"}],"collection":[{"href":"https:\/\/www.realschule-altenwalde.de\/wordpress\/wp-json\/wp\/v2\/posts"}],"about":[{"href":"https:\/\/www.realschule-altenwalde.de\/wordpress\/wp-json\/wp\/v2\/types\/post"}],"author":[{"embeddable":true,"href":"https:\/\/www.realschule-altenwalde.de\/wordpress\/wp-json\/wp\/v2\/users\/6"}],"replies":[{"embeddable":true,"href":"https:\/\/www.realschule-altenwalde.de\/wordpress\/wp-json\/wp\/v2\/comments?post=2459"}],"version-history":[{"count":3,"href":"https:\/\/www.realschule-altenwalde.de\/wordpress\/wp-json\/wp\/v2\/posts\/2459\/revisions"}],"predecessor-version":[{"id":2468,"href":"https:\/\/www.realschule-altenwalde.de\/wordpress\/wp-json\/wp\/v2\/posts\/2459\/revisions\/2468"}],"wp:attachment":[{"href":"https:\/\/www.realschule-altenwalde.de\/wordpress\/wp-json\/wp\/v2\/media?parent=2459"}],"wp:term":[{"taxonomy":"category","embeddable":true,"href":"https:\/\/www.realschule-altenwalde.de\/wordpress\/wp-json\/wp\/v2\/categories?post=2459"},{"taxonomy":"post_tag","embeddable":true,"href":"https:\/\/www.realschule-altenwalde.de\/wordpress\/wp-json\/wp\/v2\/tags?post=2459"}],"curies":[{"name":"wp","href":"https:\/\/api.w.org\/{rel}","templated":true}]}}