{"id":2348,"date":"2021-10-05T08:22:13","date_gmt":"2021-10-05T06:22:13","guid":{"rendered":"https:\/\/www.realschule-altenwalde.de\/wordpress\/?p=2348"},"modified":"2021-10-07T17:03:15","modified_gmt":"2021-10-07T15:03:15","slug":"erste-hilfe-kurs-fuer-die-schulsanitaeterinnen","status":"publish","type":"post","link":"https:\/\/www.realschule-altenwalde.de\/wordpress\/2021\/10\/05\/erste-hilfe-kurs-fuer-die-schulsanitaeterinnen\/","title":{"rendered":"Erste-Hilfe Kurs f\u00fcr die Schulsanit\u00e4ter*innen"},"content":{"rendered":"<p>Der Schulsanit\u00e4tsdienst ist wieder f\u00fcr euch da! Am 22.09.2021 fand den ganzen Schultag \u00fcber eine ausf\u00fchrliche Erste-Hilfe Ausbildung f\u00fcr alle neuen Schulsanit\u00e4ter*innen statt.<\/p>\n<p><a href=\"https:\/\/www.realschule-altenwalde.de\/wordpress\/wp-content\/uploads\/2021\/10\/Karim-Sani-scaled.jpg\"><img loading=\"lazy\" class=\"size-medium wp-image-2349 alignleft\" src=\"https:\/\/www.realschule-altenwalde.de\/wordpress\/wp-content\/uploads\/2021\/10\/Karim-Sani-225x300.jpg\" alt=\"\" width=\"225\" height=\"300\" srcset=\"https:\/\/www.realschule-altenwalde.de\/wordpress\/wp-content\/uploads\/2021\/10\/Karim-Sani-225x300.jpg 225w, https:\/\/www.realschule-altenwalde.de\/wordpress\/wp-content\/uploads\/2021\/10\/Karim-Sani-768x1024.jpg 768w, https:\/\/www.realschule-altenwalde.de\/wordpress\/wp-content\/uploads\/2021\/10\/Karim-Sani-1152x1536.jpg 1152w, https:\/\/www.realschule-altenwalde.de\/wordpress\/wp-content\/uploads\/2021\/10\/Karim-Sani-1536x2048.jpg 1536w, https:\/\/www.realschule-altenwalde.de\/wordpress\/wp-content\/uploads\/2021\/10\/Karim-Sani-750x1000.jpg 750w, https:\/\/www.realschule-altenwalde.de\/wordpress\/wp-content\/uploads\/2021\/10\/Karim-Sani-75x100.jpg 75w, https:\/\/www.realschule-altenwalde.de\/wordpress\/wp-content\/uploads\/2021\/10\/Karim-Sani-scaled.jpg 1920w\" sizes=\"(max-width: 225px) 100vw, 225px\" \/><\/a><\/p>\n<p>&nbsp;<\/p>\n<p>Herr Steiner vom Deutschen Roten Kreuz (Rettungssanit\u00e4ter und Ausbilder) leitete den Kurs und wurde von Frau Stache und Karim Verkerk hierbei unterst\u00fczt.<\/p>\n<p>In dem Kurs wurden alle wichtigen Ma\u00dfnahmen zur Lebensrettung ge\u00fcbt. Was muss man eigentlich tun, wenn jemand bewusstlos ist? Wie setze ich richtig einen Notruf ab oder was tue ich bei einer Vergiftung?<\/p>\n<p>Zudem ist Herr Steiner auch auf die Kommunikation mit Kindern und Jugendlichen eingegangen und wie man sie in Notsituationen richtig betreut.<\/p>\n<p>&nbsp;<\/p>\n<p><!--more--><\/p>\n<p>Der Schulsanit\u00e4tsdienst wird bald wieder regelm\u00e4\u00dfig auf den Pausenh\u00f6fen mit den neuen Rettungsrucks\u00e4cken (finanziert vom Ortsrat Altenwalde) und im Krankenzimmer in Bereitschaft sein. Ihr erkennt sie weiterhin an den leuchtgelben Warnwesten und dem auff\u00e4lligen Rettungsrucksack. Frau Stache (AG Leitung) freut sich sehr \u00fcber die vielen Schulsanit\u00e4ter*innen die in diesem Jahr ihren Dienst antreten werden.<\/p>\n<p>Beitrag verfasst von Karim Verkerk und Helene Luber vom Schulsanit\u00e4tsdienst der GSS<\/p>\n","protected":false},"excerpt":{"rendered":"<p>Der Schulsanit\u00e4tsdienst ist wieder f\u00fcr euch da! Am 22.09.2021 fand den ganzen Schultag \u00fcber eine ausf\u00fchrliche Erste-Hilfe Ausbildung f\u00fcr alle neuen Schulsanit\u00e4ter*innen statt. &nbsp; Herr Steiner vom Deutschen Roten Kreuz (Rettungssanit\u00e4ter und Ausbilder) leitete den Kurs und wurde von Frau Stache und Karim Verkerk hierbei unterst\u00fczt. In dem Kurs wurden alle wichtigen Ma\u00dfnahmen zur Lebensrettung &hellip; <\/p>\n<p><a class=\"more-link btn\" href=\"https:\/\/www.realschule-altenwalde.de\/wordpress\/2021\/10\/05\/erste-hilfe-kurs-fuer-die-schulsanitaeterinnen\/\">Weiterlesen<\/a><\/p>\n","protected":false},"author":6,"featured_media":0,"comment_status":"closed","ping_status":"closed","sticky":false,"template":"","format":"standard","meta":{"ngg_post_thumbnail":0},"categories":[1,14,22],"tags":[],"_links":{"self":[{"href":"https:\/\/www.realschule-altenwalde.de\/wordpress\/wp-json\/wp\/v2\/posts\/2348"}],"collection":[{"href":"https:\/\/www.realschule-altenwalde.de\/wordpress\/wp-json\/wp\/v2\/posts"}],"about":[{"href":"https:\/\/www.realschule-altenwalde.de\/wordpress\/wp-json\/wp\/v2\/types\/post"}],"author":[{"embeddable":true,"href":"https:\/\/www.realschule-altenwalde.de\/wordpress\/wp-json\/wp\/v2\/users\/6"}],"replies":[{"embeddable":true,"href":"https:\/\/www.realschule-altenwalde.de\/wordpress\/wp-json\/wp\/v2\/comments?post=2348"}],"version-history":[{"count":5,"href":"https:\/\/www.realschule-altenwalde.de\/wordpress\/wp-json\/wp\/v2\/posts\/2348\/revisions"}],"predecessor-version":[{"id":2376,"href":"https:\/\/www.realschule-altenwalde.de\/wordpress\/wp-json\/wp\/v2\/posts\/2348\/revisions\/2376"}],"wp:attachment":[{"href":"https:\/\/www.realschule-altenwalde.de\/wordpress\/wp-json\/wp\/v2\/media?parent=2348"}],"wp:term":[{"taxonomy":"category","embeddable":true,"href":"https:\/\/www.realschule-altenwalde.de\/wordpress\/wp-json\/wp\/v2\/categories?post=2348"},{"taxonomy":"post_tag","embeddable":true,"href":"https:\/\/www.realschule-altenwalde.de\/wordpress\/wp-json\/wp\/v2\/tags?post=2348"}],"curies":[{"name":"wp","href":"https:\/\/api.w.org\/{rel}","templated":true}]}}