{"id":1691,"date":"2019-06-15T22:10:37","date_gmt":"2019-06-15T20:10:37","guid":{"rendered":"http:\/\/www.realschule-altenwalde.de\/wordpress\/?p=1691"},"modified":"2019-06-15T22:10:37","modified_gmt":"2019-06-15T20:10:37","slug":"praktikum-jg-9-interview","status":"publish","type":"post","link":"https:\/\/www.realschule-altenwalde.de\/wordpress\/2019\/06\/15\/praktikum-jg-9-interview\/","title":{"rendered":"Praktikum Jg. 9 Interview"},"content":{"rendered":"<p>Wir, die Scholli News, haben eine Sch\u00fclerin aus der 9. Klasse vor ihrem 3 w\u00f6chigen Praktikum interviewt. Die Sch\u00fclerin hat sich f\u00fcr das Praktikum als KFZ Mechanikerin entschieden. Sie ist wegen ihres Bruders auf den Beruf gekommen und weil sie glaubt, es selbst interessant zu finden. <!--more--><\/p>\n<p>Die Sch\u00fclerin hat sich mit einem Brief beworben und die Stelle bekommen. Sie denkt, dass sie nicht viel im Praktikum machen darf. Uns wurde erz\u00e4hlt, dass sie von 8 \u2013 17 Uhr arbeiten muss. Es w\u00e4re sch\u00f6n, wenn wir mit ihr nach ihrem Praktikum noch einmal Zeit finden, so dass sie \u00fcber ihre tats\u00e4chlichen Erfahrungen berichten kann.<\/p>\n<p>Eure Scholli News \ud83d\ude09<\/p>\n","protected":false},"excerpt":{"rendered":"<p>Wir, die Scholli News, haben eine Sch\u00fclerin aus der 9. Klasse vor ihrem 3 w\u00f6chigen Praktikum interviewt. Die Sch\u00fclerin hat sich f\u00fcr das Praktikum als KFZ Mechanikerin entschieden. Sie ist wegen ihres Bruders auf den Beruf gekommen und weil sie glaubt, es selbst interessant zu finden.<\/p><p><a class=\"more-link btn\" href=\"https:\/\/www.realschule-altenwalde.de\/wordpress\/2019\/06\/15\/praktikum-jg-9-interview\/\">Weiterlesen<\/a><\/p>\n","protected":false},"author":6,"featured_media":0,"comment_status":"closed","ping_status":"closed","sticky":false,"template":"","format":"standard","meta":{"ngg_post_thumbnail":0},"categories":[22],"tags":[],"_links":{"self":[{"href":"https:\/\/www.realschule-altenwalde.de\/wordpress\/wp-json\/wp\/v2\/posts\/1691"}],"collection":[{"href":"https:\/\/www.realschule-altenwalde.de\/wordpress\/wp-json\/wp\/v2\/posts"}],"about":[{"href":"https:\/\/www.realschule-altenwalde.de\/wordpress\/wp-json\/wp\/v2\/types\/post"}],"author":[{"embeddable":true,"href":"https:\/\/www.realschule-altenwalde.de\/wordpress\/wp-json\/wp\/v2\/users\/6"}],"replies":[{"embeddable":true,"href":"https:\/\/www.realschule-altenwalde.de\/wordpress\/wp-json\/wp\/v2\/comments?post=1691"}],"version-history":[{"count":1,"href":"https:\/\/www.realschule-altenwalde.de\/wordpress\/wp-json\/wp\/v2\/posts\/1691\/revisions"}],"predecessor-version":[{"id":1692,"href":"https:\/\/www.realschule-altenwalde.de\/wordpress\/wp-json\/wp\/v2\/posts\/1691\/revisions\/1692"}],"wp:attachment":[{"href":"https:\/\/www.realschule-altenwalde.de\/wordpress\/wp-json\/wp\/v2\/media?parent=1691"}],"wp:term":[{"taxonomy":"category","embeddable":true,"href":"https:\/\/www.realschule-altenwalde.de\/wordpress\/wp-json\/wp\/v2\/categories?post=1691"},{"taxonomy":"post_tag","embeddable":true,"href":"https:\/\/www.realschule-altenwalde.de\/wordpress\/wp-json\/wp\/v2\/tags?post=1691"}],"curies":[{"name":"wp","href":"https:\/\/api.w.org\/{rel}","templated":true}]}}