{"id":1683,"date":"2019-06-15T21:45:49","date_gmt":"2019-06-15T19:45:49","guid":{"rendered":"http:\/\/www.realschule-altenwalde.de\/wordpress\/?p=1683"},"modified":"2019-06-15T21:45:50","modified_gmt":"2019-06-15T19:45:50","slug":"aenderungen-fuer-die-buecherei","status":"publish","type":"post","link":"https:\/\/www.realschule-altenwalde.de\/wordpress\/2019\/06\/15\/aenderungen-fuer-die-buecherei\/","title":{"rendered":"\u00c4nderungen f\u00fcr die B\u00fccherei"},"content":{"rendered":"<p><em>Wir haben ein Interview mit Frau Kipp \u00fcber die B\u00fccherei gef\u00fchrt. Frau Kipp berichtete, dass die Sitzs\u00e4cke sehr beliebt sind. Bei einem gr\u00f6\u00dferen Raum w\u00fcrde sie deshalb mehr Sitzgelegenheiten schaffen. Aktuell m\u00f6chte sie die B\u00fccherei auf den neusten Stand bringen. Sie w\u00fcrde es gut finden, wenn Spiele in der Pause zur Verf\u00fcgung gestellt werden, sofern sie einen gr\u00f6\u00dferen Raum h\u00e4tte. <\/em><!--more--><\/p>\n<p><em>Aktuell m\u00f6chte Kipp die Fenster versch\u00f6nern. Auch ist ein gro\u00dfer Karton neuer B\u00fccher eingetroffen, den sie nun ausr\u00e4umt. Aber vorher sortiert sie mithilfe einiger Sch\u00fcler alte B\u00fccher aus, um Platz zu schaffen. Dazu wurde w\u00e4hrend des letzten Elternsprechtages B\u00fccher aus der Bibliothek verkauft. Wir sind gespannt auf die neuen B\u00fccher und werden morgen mal bei ihr vorbeischauen. <\/em><\/p>\n<p><em>Eure Scholli News<\/em><\/p>\n","protected":false},"excerpt":{"rendered":"<p>Wir haben ein Interview mit Frau Kipp \u00fcber die B\u00fccherei gef\u00fchrt. Frau Kipp berichtete, dass die Sitzs\u00e4cke sehr beliebt sind. Bei einem gr\u00f6\u00dferen Raum w\u00fcrde sie deshalb mehr Sitzgelegenheiten schaffen. Aktuell m\u00f6chte sie die B\u00fccherei auf den neusten Stand bringen. Sie w\u00fcrde es gut finden, wenn Spiele in der Pause zur Verf\u00fcgung gestellt werden, sofern &hellip; <\/p>\n<p><a class=\"more-link btn\" href=\"https:\/\/www.realschule-altenwalde.de\/wordpress\/2019\/06\/15\/aenderungen-fuer-die-buecherei\/\">Weiterlesen<\/a><\/p>\n","protected":false},"author":6,"featured_media":0,"comment_status":"closed","ping_status":"closed","sticky":false,"template":"","format":"standard","meta":{"ngg_post_thumbnail":0},"categories":[22],"tags":[],"_links":{"self":[{"href":"https:\/\/www.realschule-altenwalde.de\/wordpress\/wp-json\/wp\/v2\/posts\/1683"}],"collection":[{"href":"https:\/\/www.realschule-altenwalde.de\/wordpress\/wp-json\/wp\/v2\/posts"}],"about":[{"href":"https:\/\/www.realschule-altenwalde.de\/wordpress\/wp-json\/wp\/v2\/types\/post"}],"author":[{"embeddable":true,"href":"https:\/\/www.realschule-altenwalde.de\/wordpress\/wp-json\/wp\/v2\/users\/6"}],"replies":[{"embeddable":true,"href":"https:\/\/www.realschule-altenwalde.de\/wordpress\/wp-json\/wp\/v2\/comments?post=1683"}],"version-history":[{"count":1,"href":"https:\/\/www.realschule-altenwalde.de\/wordpress\/wp-json\/wp\/v2\/posts\/1683\/revisions"}],"predecessor-version":[{"id":1684,"href":"https:\/\/www.realschule-altenwalde.de\/wordpress\/wp-json\/wp\/v2\/posts\/1683\/revisions\/1684"}],"wp:attachment":[{"href":"https:\/\/www.realschule-altenwalde.de\/wordpress\/wp-json\/wp\/v2\/media?parent=1683"}],"wp:term":[{"taxonomy":"category","embeddable":true,"href":"https:\/\/www.realschule-altenwalde.de\/wordpress\/wp-json\/wp\/v2\/categories?post=1683"},{"taxonomy":"post_tag","embeddable":true,"href":"https:\/\/www.realschule-altenwalde.de\/wordpress\/wp-json\/wp\/v2\/tags?post=1683"}],"curies":[{"name":"wp","href":"https:\/\/api.w.org\/{rel}","templated":true}]}}