{"id":1262,"date":"2018-06-27T14:26:46","date_gmt":"2018-06-27T12:26:46","guid":{"rendered":"http:\/\/www.realschule-altenwalde.de\/wordpress\/?p=1262"},"modified":"2018-06-27T14:26:46","modified_gmt":"2018-06-27T12:26:46","slug":"schoene-ferien","status":"publish","type":"post","link":"https:\/\/www.realschule-altenwalde.de\/wordpress\/2018\/06\/27\/schoene-ferien\/","title":{"rendered":"Sch\u00f6ne Ferien!"},"content":{"rendered":"<p>Wir w\u00fcnschen allen Sch\u00fclern sch\u00f6ne und erholsame Ferien! \ud83d\ude0e\u2600\ufe0f<\/p>\n<p>Der Unterricht geht wieder los am 09.08. zur ersten Stunde. F\u00fcr die neuen F\u00fcnftkl\u00e4ssler geht es am 10.08. zur zweiten Stunde (8.30 Uhr) los.<\/p>\n<p>Liebe Gr\u00fc\u00dfe&nbsp;<\/p>\n<p>&nbsp;<\/p>\n<p>Das Kollegium der GSS Altenwalde&nbsp;<\/p>\n","protected":false},"excerpt":{"rendered":"<p>Wir w\u00fcnschen allen Sch\u00fclern sch\u00f6ne und erholsame Ferien! \ud83d\ude0e\u2600\ufe0f Der Unterricht geht wieder los am 09.08. zur ersten Stunde. F\u00fcr die neuen F\u00fcnftkl\u00e4ssler geht es am 10.08. zur zweiten Stunde (8.30 Uhr) los. Liebe Gr\u00fc\u00dfe&nbsp; &nbsp; Das Kollegium der GSS Altenwalde&nbsp;<\/p>\n","protected":false},"author":1,"featured_media":0,"comment_status":"closed","ping_status":"open","sticky":false,"template":"","format":"standard","meta":{"ngg_post_thumbnail":0},"categories":[1],"tags":[],"_links":{"self":[{"href":"https:\/\/www.realschule-altenwalde.de\/wordpress\/wp-json\/wp\/v2\/posts\/1262"}],"collection":[{"href":"https:\/\/www.realschule-altenwalde.de\/wordpress\/wp-json\/wp\/v2\/posts"}],"about":[{"href":"https:\/\/www.realschule-altenwalde.de\/wordpress\/wp-json\/wp\/v2\/types\/post"}],"author":[{"embeddable":true,"href":"https:\/\/www.realschule-altenwalde.de\/wordpress\/wp-json\/wp\/v2\/users\/1"}],"replies":[{"embeddable":true,"href":"https:\/\/www.realschule-altenwalde.de\/wordpress\/wp-json\/wp\/v2\/comments?post=1262"}],"version-history":[{"count":1,"href":"https:\/\/www.realschule-altenwalde.de\/wordpress\/wp-json\/wp\/v2\/posts\/1262\/revisions"}],"predecessor-version":[{"id":1263,"href":"https:\/\/www.realschule-altenwalde.de\/wordpress\/wp-json\/wp\/v2\/posts\/1262\/revisions\/1263"}],"wp:attachment":[{"href":"https:\/\/www.realschule-altenwalde.de\/wordpress\/wp-json\/wp\/v2\/media?parent=1262"}],"wp:term":[{"taxonomy":"category","embeddable":true,"href":"https:\/\/www.realschule-altenwalde.de\/wordpress\/wp-json\/wp\/v2\/categories?post=1262"},{"taxonomy":"post_tag","embeddable":true,"href":"https:\/\/www.realschule-altenwalde.de\/wordpress\/wp-json\/wp\/v2\/tags?post=1262"}],"curies":[{"name":"wp","href":"https:\/\/api.w.org\/{rel}","templated":true}]}}